{"id":10558,"date":"2025-01-06T17:28:29","date_gmt":"2025-01-06T20:28:29","guid":{"rendered":"https:\/\/www.tvuai.com.br\/portal\/?p=10558"},"modified":"2025-01-09T18:58:50","modified_gmt":"2025-01-09T21:58:50","slug":"chuva-altura-e-eletricidade-cemig-alerta-sobre-os-riscos-ao-retirar-enfeites-de-natal","status":"publish","type":"post","link":"https:\/\/www.tvuai.com.br\/portal\/chuva-altura-e-eletricidade-cemig-alerta-sobre-os-riscos-ao-retirar-enfeites-de-natal\/","title":{"rendered":"Chuva, altura e eletricidade: Cemig alerta sobre os riscos ao retirar enfeites de Natal"},"content":{"rendered":"<div class=\"5a1038e0903b96d426fcfcc338703013\" data-index=\"1\" style=\"float: right; margin:10px 0 10px 10px;\">\n<script async src=\"https:\/\/pagead2.googlesyndication.com\/pagead\/js\/adsbygoogle.js?client=ca-pub-9945944833605257\"\r\n     crossorigin=\"anonymous\"><\/script>\r\n<ins class=\"adsbygoogle\"\r\n     style=\"display:block; text-align:center;\"\r\n     data-ad-layout=\"in-article\"\r\n     data-ad-format=\"fluid\"\r\n     data-ad-client=\"ca-pub-9945944833605257\"\r\n     data-ad-slot=\"2343923581\"><\/ins>\r\n<script>\r\n     (adsbygoogle = window.adsbygoogle || []).push({});\r\n<\/script>\n<\/div>\n<div class=\"jetpack-video-wrapper\"><iframe title=\"Chuva, altura e eletricidade: Cemig alerta sobre os riscos ao retirar enfeites de Natal\" width=\"640\" height=\"360\" src=\"https:\/\/www.youtube.com\/embed\/MNypc41xNkA?feature=oembed&#038;enablejsapi=1&#038;origin=https:\/\/www.tvuai.com.br\" frameborder=\"0\" allow=\"accelerometer; autoplay; clipboard-write; encrypted-media; gyroscope; picture-in-picture; web-share\" referrerpolicy=\"strict-origin-when-cross-origin\" allowfullscreen><\/iframe><\/div>\n<h5 style=\"text-align: center;\"><em><strong>Cemig d\u00e1 orienta\u00e7\u00f5es sobre desmontagem segura dos enfeites natalinos<\/strong><\/em><\/h5>\n<p>A desmontagem dos enfeites natalinos \u00e9 uma tradi\u00e7\u00e3o que marca o fim do ciclo de celebra\u00e7\u00f5es, ocorrendo no Dia de Reis, celebrado em 6 de janeiro. Para garantir a seguran\u00e7a durante esse processo e evitar acidentes, a Cemig (Companhia Energ\u00e9tica de Minas Gerais) refor\u00e7a algumas orienta\u00e7\u00f5es essenciais.<\/p>\n<p>Segundo o engenheiro eletricista da Cemig, Demetrio Aguiar, a primeira medida de seguran\u00e7a ao retirar as luzes de Natal e outros itens el\u00e9tricos \u00e9 desligar o circuito no disjuntor correspondente \u00e0 tomada onde o enfeite est\u00e1 conectado. &#8220;Essa a\u00e7\u00e3o simples ajuda a evitar choques el\u00e9tricos durante o processo de desmontagem. Antes de come\u00e7ar, \u00e9 importante retirar os enfeites da tomada, eliminando qualquer risco de contato acidental com a eletricidade&#8221;, explica o especialista.<\/p>\n<p>A aten\u00e7\u00e3o deve ser ainda maior quando a desmontagem ocorre em \u00e1reas externas, como fachadas e varandas, especialmente quando o trabalho \u00e9 realizado em alturas. Nessas situa\u00e7\u00f5es, Aguiar alerta para a proximidade com a rede de distribui\u00e7\u00e3o de m\u00e9dia tens\u00e3o. &#8220;\u00c9 fundamental usar equipamentos de seguran\u00e7a adequados para trabalho em altura e manter uma dist\u00e2ncia segura da fia\u00e7\u00e3o el\u00e9trica. A simples aproxima\u00e7\u00e3o a cabos de m\u00e9dia tens\u00e3o pode gerar um arco el\u00e9trico, que, al\u00e9m do risco de choque, pode provocar quedas graves&#8221;, destaca.<\/p>\n<p>O especialista tamb\u00e9m lembra que as chuvas t\u00edpicas do ver\u00e3o aumentam os riscos de acidentes el\u00e9tricos. &#8220;\u00c9 essencial verificar se o clima est\u00e1 favor\u00e1vel e garantir que o ambiente esteja seco antes de iniciar a desmontagem dos enfeites. \u00c1gua e eletricidade n\u00e3o combinam, e, al\u00e9m dos riscos el\u00e9tricos, o ambiente molhado torna os locais de trabalho em altura ainda mais escorregadios&#8221;, refor\u00e7a Aguiar.<\/p>\n<p>Seguir essas orienta\u00e7\u00f5es simples podem garantir um in\u00edcio de ano seguro e livre de acidentes, permitindo que a desmontagem dos enfeites natalinos seja feita de forma tranquila e sem riscos.<\/p>\n\n<div style=\"font-size: 0px; height: 0px; line-height: 0px; margin: 0; padding: 0; clear: both;\"><\/div><div class='share-to-whatsapp-wrapper'><div class='share-on-whsp'>Share on: <\/div><a data-text='Chuva, altura e eletricidade: Cemig alerta sobre os riscos ao retirar enfeites de Natal' data-link='https:\/\/www.tvuai.com.br\/portal\/chuva-altura-e-eletricidade-cemig-alerta-sobre-os-riscos-ao-retirar-enfeites-de-natal\/' class='whatsapp-button whatsapp-share'>WhatsApp<\/a><div class='clear '><\/div><\/div><!-- AddThis Advanced Settings generic via filter on the_content --><!-- AddThis Share Buttons generic via filter on the_content -->","protected":false},"excerpt":{"rendered":"<p>Cemig d\u00e1 orienta\u00e7\u00f5es sobre desmontagem segura dos enfeites natalinos A desmontagem dos enfeites natalinos \u00e9 uma tradi\u00e7\u00e3o que marca o fim do ciclo de celebra\u00e7\u00f5es, ocorrendo no Dia de Reis, celebrado em 6 de janeiro. Para garantir a seguran\u00e7a durante esse processo e evitar acidentes, a Cemig (Companhia Energ\u00e9tica de Minas Gerais) refor\u00e7a algumas orienta\u00e7\u00f5es [&hellip;]<!-- AddThis Advanced Settings generic via filter on get_the_excerpt --><!-- AddThis Share Buttons generic via filter on get_the_excerpt --><\/p>\n","protected":false},"author":1,"featured_media":10571,"comment_status":"closed","ping_status":"closed","sticky":false,"template":"","format":"standard","meta":{"jetpack_post_was_ever_published":false,"_jetpack_newsletter_access":"","_jetpack_dont_email_post_to_subs":false,"_jetpack_newsletter_tier_id":0,"_jetpack_memberships_contains_paywalled_content":false,"_jetpack_memberships_contains_paid_content":false,"_joinchat":[],"footnotes":"","jetpack_publicize_message":"","jetpack_publicize_feature_enabled":true,"jetpack_social_post_already_shared":true,"jetpack_social_options":{"image_generator_settings":{"template":"highway","enabled":false},"version":2}},"categories":[1815,19,5,1829,21],"tags":[4559,4560,4561,184,37,4562,39,27,2760,1618],"class_list":["post-10558","post","type-post","status-publish","format-standard","has-post-thumbnail","hentry","category-economia","category-noticias","category-ultimas","category-utilidade","category-videos","tag-cemig-companhia-energetica-de-minas-gerais","tag-dia-de-reis-celebrado-em-6-de-janeiro","tag-engenheiro-eletricista-da-cemig-demetrio-aguiar","tag-minas-gerais","tag-pouso-alegre","tag-retirar-as-luzes-de-natal","tag-sul-de-minas","tag-tv-uai","tag-tv-uai-24-anos-com-voce","tag-tv-uai-pouso-alegre"],"jetpack_publicize_connections":[],"yoast_head":"<!-- This site is optimized with the Yoast SEO plugin v23.5 - https:\/\/yoast.com\/wordpress\/plugins\/seo\/ -->\n<title>Chuva, altura e eletricidade: Cemig alerta sobre os riscos ao retirar enfeites de Natal - TVUAI<\/title>\n<meta name=\"robots\" content=\"index, follow, max-snippet:-1, max-image-preview:large, max-video-preview:-1\" \/>\n<link rel=\"canonical\" href=\"https:\/\/www.tvuai.com.br\/portal\/chuva-altura-e-eletricidade-cemig-alerta-sobre-os-riscos-ao-retirar-enfeites-de-natal\/\" \/>\n<meta property=\"og:locale\" content=\"pt_BR\" \/>\n<meta property=\"og:type\" content=\"article\" \/>\n<meta property=\"og:title\" content=\"Chuva, altura e eletricidade: Cemig alerta sobre os riscos ao retirar enfeites de Natal - TVUAI\" \/>\n<meta property=\"og:description\" content=\"Cemig d\u00e1 orienta\u00e7\u00f5es sobre desmontagem segura dos enfeites natalinos A desmontagem dos enfeites natalinos \u00e9 uma tradi\u00e7\u00e3o que marca o fim do ciclo de celebra\u00e7\u00f5es, ocorrendo no Dia de Reis, celebrado em 6 de janeiro. Para garantir a seguran\u00e7a durante esse processo e evitar acidentes, a Cemig (Companhia Energ\u00e9tica de Minas Gerais) refor\u00e7a algumas orienta\u00e7\u00f5es [&hellip;]\" \/>\n<meta property=\"og:url\" content=\"https:\/\/www.tvuai.com.br\/portal\/chuva-altura-e-eletricidade-cemig-alerta-sobre-os-riscos-ao-retirar-enfeites-de-natal\/\" \/>\n<meta property=\"og:site_name\" content=\"TVUAI\" \/>\n<meta property=\"article:publisher\" content=\"http:\/\/www.facebook.com\/pages\/TV-Uai-Comunica%c3%a7%c3%a3o\/139062546157369\" \/>\n<meta property=\"article:published_time\" content=\"2025-01-06T20:28:29+00:00\" \/>\n<meta property=\"article:modified_time\" content=\"2025-01-09T21:58:50+00:00\" \/>\n<meta property=\"og:image\" content=\"https:\/\/www.tvuai.com.br\/portal\/wp-content\/uploads\/2025\/01\/cemigenfeite.jpg\" \/>\n\t<meta property=\"og:image:width\" content=\"200\" \/>\n\t<meta property=\"og:image:height\" content=\"200\" \/>\n\t<meta property=\"og:image:type\" content=\"image\/jpeg\" \/>\n<meta name=\"author\" content=\"tvuai\" \/>\n<meta name=\"twitter:card\" content=\"summary_large_image\" \/>\n<meta name=\"twitter:creator\" content=\"@tvuai\" \/>\n<meta name=\"twitter:site\" content=\"@tvuai\" \/>\n<meta name=\"twitter:label1\" content=\"Escrito por\" \/>\n\t<meta name=\"twitter:data1\" content=\"tvuai\" \/>\n\t<meta name=\"twitter:label2\" content=\"Est. tempo de leitura\" \/>\n\t<meta name=\"twitter:data2\" content=\"2 minutos\" \/>\n<script type=\"application\/ld+json\" class=\"yoast-schema-graph\">{\"@context\":\"https:\/\/schema.org\",\"@graph\":[{\"@type\":\"Article\",\"@id\":\"https:\/\/www.tvuai.com.br\/portal\/chuva-altura-e-eletricidade-cemig-alerta-sobre-os-riscos-ao-retirar-enfeites-de-natal\/#article\",\"isPartOf\":{\"@id\":\"https:\/\/www.tvuai.com.br\/portal\/chuva-altura-e-eletricidade-cemig-alerta-sobre-os-riscos-ao-retirar-enfeites-de-natal\/\"},\"author\":{\"name\":\"tvuai\",\"@id\":\"https:\/\/www.tvuai.com.br\/portal\/#\/schema\/person\/245e50e9127451fd0b7fd76f519ebbfe\"},\"headline\":\"Chuva, altura e eletricidade: Cemig alerta sobre os riscos ao retirar enfeites de Natal\",\"datePublished\":\"2025-01-06T20:28:29+00:00\",\"dateModified\":\"2025-01-09T21:58:50+00:00\",\"mainEntityOfPage\":{\"@id\":\"https:\/\/www.tvuai.com.br\/portal\/chuva-altura-e-eletricidade-cemig-alerta-sobre-os-riscos-ao-retirar-enfeites-de-natal\/\"},\"wordCount\":356,\"publisher\":{\"@id\":\"https:\/\/www.tvuai.com.br\/portal\/#organization\"},\"image\":{\"@id\":\"https:\/\/www.tvuai.com.br\/portal\/chuva-altura-e-eletricidade-cemig-alerta-sobre-os-riscos-ao-retirar-enfeites-de-natal\/#primaryimage\"},\"thumbnailUrl\":\"https:\/\/i0.wp.com\/www.tvuai.com.br\/portal\/wp-content\/uploads\/2025\/01\/cemigenfeite.jpg?fit=200%2C200&ssl=1\",\"keywords\":[\"Cemig (Companhia Energ\u00e9tica de Minas Gerais)\",\"Dia de Reis celebrado em 6 de janeiro\",\"engenheiro eletricista da Cemig Demetrio Aguiar\",\"Minas Gerais\",\"Pouso Alegre\",\"retirar as luzes de Natal\",\"Sul de Minas\",\"TV Uai\",\"TV UAI 24 anos com voc\u00ea\",\"TV UAI Pouso Alegre\"],\"articleSection\":[\"Economia\",\"Not\u00edcias\",\"\u00daltimas Not\u00edcias\",\"Utilidade Publica\",\"Videos\"],\"inLanguage\":\"pt-BR\"},{\"@type\":\"WebPage\",\"@id\":\"https:\/\/www.tvuai.com.br\/portal\/chuva-altura-e-eletricidade-cemig-alerta-sobre-os-riscos-ao-retirar-enfeites-de-natal\/\",\"url\":\"https:\/\/www.tvuai.com.br\/portal\/chuva-altura-e-eletricidade-cemig-alerta-sobre-os-riscos-ao-retirar-enfeites-de-natal\/\",\"name\":\"Chuva, altura e eletricidade: Cemig alerta sobre os riscos ao retirar enfeites de Natal - TVUAI\",\"isPartOf\":{\"@id\":\"https:\/\/www.tvuai.com.br\/portal\/#website\"},\"primaryImageOfPage\":{\"@id\":\"https:\/\/www.tvuai.com.br\/portal\/chuva-altura-e-eletricidade-cemig-alerta-sobre-os-riscos-ao-retirar-enfeites-de-natal\/#primaryimage\"},\"image\":{\"@id\":\"https:\/\/www.tvuai.com.br\/portal\/chuva-altura-e-eletricidade-cemig-alerta-sobre-os-riscos-ao-retirar-enfeites-de-natal\/#primaryimage\"},\"thumbnailUrl\":\"https:\/\/i0.wp.com\/www.tvuai.com.br\/portal\/wp-content\/uploads\/2025\/01\/cemigenfeite.jpg?fit=200%2C200&ssl=1\",\"datePublished\":\"2025-01-06T20:28:29+00:00\",\"dateModified\":\"2025-01-09T21:58:50+00:00\",\"breadcrumb\":{\"@id\":\"https:\/\/www.tvuai.com.br\/portal\/chuva-altura-e-eletricidade-cemig-alerta-sobre-os-riscos-ao-retirar-enfeites-de-natal\/#breadcrumb\"},\"inLanguage\":\"pt-BR\",\"potentialAction\":[{\"@type\":\"ReadAction\",\"target\":[\"https:\/\/www.tvuai.com.br\/portal\/chuva-altura-e-eletricidade-cemig-alerta-sobre-os-riscos-ao-retirar-enfeites-de-natal\/\"]}]},{\"@type\":\"ImageObject\",\"inLanguage\":\"pt-BR\",\"@id\":\"https:\/\/www.tvuai.com.br\/portal\/chuva-altura-e-eletricidade-cemig-alerta-sobre-os-riscos-ao-retirar-enfeites-de-natal\/#primaryimage\",\"url\":\"https:\/\/i0.wp.com\/www.tvuai.com.br\/portal\/wp-content\/uploads\/2025\/01\/cemigenfeite.jpg?fit=200%2C200&ssl=1\",\"contentUrl\":\"https:\/\/i0.wp.com\/www.tvuai.com.br\/portal\/wp-content\/uploads\/2025\/01\/cemigenfeite.jpg?fit=200%2C200&ssl=1\",\"width\":200,\"height\":200},{\"@type\":\"BreadcrumbList\",\"@id\":\"https:\/\/www.tvuai.com.br\/portal\/chuva-altura-e-eletricidade-cemig-alerta-sobre-os-riscos-ao-retirar-enfeites-de-natal\/#breadcrumb\",\"itemListElement\":[{\"@type\":\"ListItem\",\"position\":1,\"name\":\"In\u00edcio\",\"item\":\"https:\/\/www.tvuai.com.br\/portal\/\"},{\"@type\":\"ListItem\",\"position\":2,\"name\":\"Chuva, altura e eletricidade: Cemig alerta sobre os riscos ao retirar enfeites de Natal\"}]},{\"@type\":\"WebSite\",\"@id\":\"https:\/\/www.tvuai.com.br\/portal\/#website\",\"url\":\"https:\/\/www.tvuai.com.br\/portal\/\",\"name\":\"TVUAI\",\"description\":\"Tudo sobre o Sul de Minas\",\"publisher\":{\"@id\":\"https:\/\/www.tvuai.com.br\/portal\/#organization\"},\"potentialAction\":[{\"@type\":\"SearchAction\",\"target\":{\"@type\":\"EntryPoint\",\"urlTemplate\":\"https:\/\/www.tvuai.com.br\/portal\/?s={search_term_string}\"},\"query-input\":{\"@type\":\"PropertyValueSpecification\",\"valueRequired\":true,\"valueName\":\"search_term_string\"}}],\"inLanguage\":\"pt-BR\"},{\"@type\":\"Organization\",\"@id\":\"https:\/\/www.tvuai.com.br\/portal\/#organization\",\"name\":\"TVUAI\",\"url\":\"https:\/\/www.tvuai.com.br\/portal\/\",\"logo\":{\"@type\":\"ImageObject\",\"inLanguage\":\"pt-BR\",\"@id\":\"https:\/\/www.tvuai.com.br\/portal\/#\/schema\/logo\/image\/\",\"url\":\"https:\/\/i0.wp.com\/www.tvuai.com.br\/portal\/wp-content\/uploads\/2017\/12\/logo_tvuai_100H.png?fit=207%2C100&ssl=1\",\"contentUrl\":\"https:\/\/i0.wp.com\/www.tvuai.com.br\/portal\/wp-content\/uploads\/2017\/12\/logo_tvuai_100H.png?fit=207%2C100&ssl=1\",\"width\":207,\"height\":100,\"caption\":\"TVUAI\"},\"image\":{\"@id\":\"https:\/\/www.tvuai.com.br\/portal\/#\/schema\/logo\/image\/\"},\"sameAs\":[\"http:\/\/www.facebook.com\/pages\/TV-Uai-Comunica\u00e7\u00e3o\/139062546157369\",\"https:\/\/x.com\/tvuai\",\"https:\/\/www.instagram.com\/tvuai_network\/\",\"https:\/\/www.youtube.com\/channel\/UCB7ZPB3wRv-OpoZ_09jmnkQ\"]},{\"@type\":\"Person\",\"@id\":\"https:\/\/www.tvuai.com.br\/portal\/#\/schema\/person\/245e50e9127451fd0b7fd76f519ebbfe\",\"name\":\"tvuai\",\"url\":\"https:\/\/www.tvuai.com.br\/portal\/author\/tvuai\/\"}]}<\/script>\n<!-- \/ Yoast SEO plugin. -->","yoast_head_json":{"title":"Chuva, altura e eletricidade: Cemig alerta sobre os riscos ao retirar enfeites de Natal - TVUAI","robots":{"index":"index","follow":"follow","max-snippet":"max-snippet:-1","max-image-preview":"max-image-preview:large","max-video-preview":"max-video-preview:-1"},"canonical":"https:\/\/www.tvuai.com.br\/portal\/chuva-altura-e-eletricidade-cemig-alerta-sobre-os-riscos-ao-retirar-enfeites-de-natal\/","og_locale":"pt_BR","og_type":"article","og_title":"Chuva, altura e eletricidade: Cemig alerta sobre os riscos ao retirar enfeites de Natal - TVUAI","og_description":"Cemig d\u00e1 orienta\u00e7\u00f5es sobre desmontagem segura dos enfeites natalinos A desmontagem dos enfeites natalinos \u00e9 uma tradi\u00e7\u00e3o que marca o fim do ciclo de celebra\u00e7\u00f5es, ocorrendo no Dia de Reis, celebrado em 6 de janeiro. Para garantir a seguran\u00e7a durante esse processo e evitar acidentes, a Cemig (Companhia Energ\u00e9tica de Minas Gerais) refor\u00e7a algumas orienta\u00e7\u00f5es [&hellip;]","og_url":"https:\/\/www.tvuai.com.br\/portal\/chuva-altura-e-eletricidade-cemig-alerta-sobre-os-riscos-ao-retirar-enfeites-de-natal\/","og_site_name":"TVUAI","article_publisher":"http:\/\/www.facebook.com\/pages\/TV-Uai-Comunica%c3%a7%c3%a3o\/139062546157369","article_published_time":"2025-01-06T20:28:29+00:00","article_modified_time":"2025-01-09T21:58:50+00:00","og_image":[{"width":200,"height":200,"url":"https:\/\/www.tvuai.com.br\/portal\/wp-content\/uploads\/2025\/01\/cemigenfeite.jpg","type":"image\/jpeg"}],"author":"tvuai","twitter_card":"summary_large_image","twitter_creator":"@tvuai","twitter_site":"@tvuai","twitter_misc":{"Escrito por":"tvuai","Est. tempo de leitura":"2 minutos"},"schema":{"@context":"https:\/\/schema.org","@graph":[{"@type":"Article","@id":"https:\/\/www.tvuai.com.br\/portal\/chuva-altura-e-eletricidade-cemig-alerta-sobre-os-riscos-ao-retirar-enfeites-de-natal\/#article","isPartOf":{"@id":"https:\/\/www.tvuai.com.br\/portal\/chuva-altura-e-eletricidade-cemig-alerta-sobre-os-riscos-ao-retirar-enfeites-de-natal\/"},"author":{"name":"tvuai","@id":"https:\/\/www.tvuai.com.br\/portal\/#\/schema\/person\/245e50e9127451fd0b7fd76f519ebbfe"},"headline":"Chuva, altura e eletricidade: Cemig alerta sobre os riscos ao retirar enfeites de Natal","datePublished":"2025-01-06T20:28:29+00:00","dateModified":"2025-01-09T21:58:50+00:00","mainEntityOfPage":{"@id":"https:\/\/www.tvuai.com.br\/portal\/chuva-altura-e-eletricidade-cemig-alerta-sobre-os-riscos-ao-retirar-enfeites-de-natal\/"},"wordCount":356,"publisher":{"@id":"https:\/\/www.tvuai.com.br\/portal\/#organization"},"image":{"@id":"https:\/\/www.tvuai.com.br\/portal\/chuva-altura-e-eletricidade-cemig-alerta-sobre-os-riscos-ao-retirar-enfeites-de-natal\/#primaryimage"},"thumbnailUrl":"https:\/\/i0.wp.com\/www.tvuai.com.br\/portal\/wp-content\/uploads\/2025\/01\/cemigenfeite.jpg?fit=200%2C200&ssl=1","keywords":["Cemig (Companhia Energ\u00e9tica de Minas Gerais)","Dia de Reis celebrado em 6 de janeiro","engenheiro eletricista da Cemig Demetrio Aguiar","Minas Gerais","Pouso Alegre","retirar as luzes de Natal","Sul de Minas","TV Uai","TV UAI 24 anos com voc\u00ea","TV UAI Pouso Alegre"],"articleSection":["Economia","Not\u00edcias","\u00daltimas Not\u00edcias","Utilidade Publica","Videos"],"inLanguage":"pt-BR"},{"@type":"WebPage","@id":"https:\/\/www.tvuai.com.br\/portal\/chuva-altura-e-eletricidade-cemig-alerta-sobre-os-riscos-ao-retirar-enfeites-de-natal\/","url":"https:\/\/www.tvuai.com.br\/portal\/chuva-altura-e-eletricidade-cemig-alerta-sobre-os-riscos-ao-retirar-enfeites-de-natal\/","name":"Chuva, altura e eletricidade: Cemig alerta sobre os riscos ao retirar enfeites de Natal - TVUAI","isPartOf":{"@id":"https:\/\/www.tvuai.com.br\/portal\/#website"},"primaryImageOfPage":{"@id":"https:\/\/www.tvuai.com.br\/portal\/chuva-altura-e-eletricidade-cemig-alerta-sobre-os-riscos-ao-retirar-enfeites-de-natal\/#primaryimage"},"image":{"@id":"https:\/\/www.tvuai.com.br\/portal\/chuva-altura-e-eletricidade-cemig-alerta-sobre-os-riscos-ao-retirar-enfeites-de-natal\/#primaryimage"},"thumbnailUrl":"https:\/\/i0.wp.com\/www.tvuai.com.br\/portal\/wp-content\/uploads\/2025\/01\/cemigenfeite.jpg?fit=200%2C200&ssl=1","datePublished":"2025-01-06T20:28:29+00:00","dateModified":"2025-01-09T21:58:50+00:00","breadcrumb":{"@id":"https:\/\/www.tvuai.com.br\/portal\/chuva-altura-e-eletricidade-cemig-alerta-sobre-os-riscos-ao-retirar-enfeites-de-natal\/#breadcrumb"},"inLanguage":"pt-BR","potentialAction":[{"@type":"ReadAction","target":["https:\/\/www.tvuai.com.br\/portal\/chuva-altura-e-eletricidade-cemig-alerta-sobre-os-riscos-ao-retirar-enfeites-de-natal\/"]}]},{"@type":"ImageObject","inLanguage":"pt-BR","@id":"https:\/\/www.tvuai.com.br\/portal\/chuva-altura-e-eletricidade-cemig-alerta-sobre-os-riscos-ao-retirar-enfeites-de-natal\/#primaryimage","url":"https:\/\/i0.wp.com\/www.tvuai.com.br\/portal\/wp-content\/uploads\/2025\/01\/cemigenfeite.jpg?fit=200%2C200&ssl=1","contentUrl":"https:\/\/i0.wp.com\/www.tvuai.com.br\/portal\/wp-content\/uploads\/2025\/01\/cemigenfeite.jpg?fit=200%2C200&ssl=1","width":200,"height":200},{"@type":"BreadcrumbList","@id":"https:\/\/www.tvuai.com.br\/portal\/chuva-altura-e-eletricidade-cemig-alerta-sobre-os-riscos-ao-retirar-enfeites-de-natal\/#breadcrumb","itemListElement":[{"@type":"ListItem","position":1,"name":"In\u00edcio","item":"https:\/\/www.tvuai.com.br\/portal\/"},{"@type":"ListItem","position":2,"name":"Chuva, altura e eletricidade: Cemig alerta sobre os riscos ao retirar enfeites de Natal"}]},{"@type":"WebSite","@id":"https:\/\/www.tvuai.com.br\/portal\/#website","url":"https:\/\/www.tvuai.com.br\/portal\/","name":"TVUAI","description":"Tudo sobre o Sul de Minas","publisher":{"@id":"https:\/\/www.tvuai.com.br\/portal\/#organization"},"potentialAction":[{"@type":"SearchAction","target":{"@type":"EntryPoint","urlTemplate":"https:\/\/www.tvuai.com.br\/portal\/?s={search_term_string}"},"query-input":{"@type":"PropertyValueSpecification","valueRequired":true,"valueName":"search_term_string"}}],"inLanguage":"pt-BR"},{"@type":"Organization","@id":"https:\/\/www.tvuai.com.br\/portal\/#organization","name":"TVUAI","url":"https:\/\/www.tvuai.com.br\/portal\/","logo":{"@type":"ImageObject","inLanguage":"pt-BR","@id":"https:\/\/www.tvuai.com.br\/portal\/#\/schema\/logo\/image\/","url":"https:\/\/i0.wp.com\/www.tvuai.com.br\/portal\/wp-content\/uploads\/2017\/12\/logo_tvuai_100H.png?fit=207%2C100&ssl=1","contentUrl":"https:\/\/i0.wp.com\/www.tvuai.com.br\/portal\/wp-content\/uploads\/2017\/12\/logo_tvuai_100H.png?fit=207%2C100&ssl=1","width":207,"height":100,"caption":"TVUAI"},"image":{"@id":"https:\/\/www.tvuai.com.br\/portal\/#\/schema\/logo\/image\/"},"sameAs":["http:\/\/www.facebook.com\/pages\/TV-Uai-Comunica\u00e7\u00e3o\/139062546157369","https:\/\/x.com\/tvuai","https:\/\/www.instagram.com\/tvuai_network\/","https:\/\/www.youtube.com\/channel\/UCB7ZPB3wRv-OpoZ_09jmnkQ"]},{"@type":"Person","@id":"https:\/\/www.tvuai.com.br\/portal\/#\/schema\/person\/245e50e9127451fd0b7fd76f519ebbfe","name":"tvuai","url":"https:\/\/www.tvuai.com.br\/portal\/author\/tvuai\/"}]}},"jetpack_featured_media_url":"https:\/\/i0.wp.com\/www.tvuai.com.br\/portal\/wp-content\/uploads\/2025\/01\/cemigenfeite.jpg?fit=200%2C200&ssl=1","wpmagazine_modules_lite_featured_media_urls":{"thumbnail":["https:\/\/i0.wp.com\/www.tvuai.com.br\/portal\/wp-content\/uploads\/2025\/01\/cemigenfeite.jpg?resize=150%2C150&ssl=1",150,150,true],"cvmm-medium":["https:\/\/i0.wp.com\/www.tvuai.com.br\/portal\/wp-content\/uploads\/2025\/01\/cemigenfeite.jpg?resize=200%2C200&ssl=1",200,200,true],"cvmm-medium-plus":["https:\/\/i0.wp.com\/www.tvuai.com.br\/portal\/wp-content\/uploads\/2025\/01\/cemigenfeite.jpg?resize=200%2C200&ssl=1",200,200,true],"cvmm-portrait":["https:\/\/i0.wp.com\/www.tvuai.com.br\/portal\/wp-content\/uploads\/2025\/01\/cemigenfeite.jpg?resize=200%2C200&ssl=1",200,200,true],"cvmm-medium-square":["https:\/\/i0.wp.com\/www.tvuai.com.br\/portal\/wp-content\/uploads\/2025\/01\/cemigenfeite.jpg?resize=200%2C200&ssl=1",200,200,true],"cvmm-large":["https:\/\/i0.wp.com\/www.tvuai.com.br\/portal\/wp-content\/uploads\/2025\/01\/cemigenfeite.jpg?resize=200%2C200&ssl=1",200,200,true],"cvmm-small":["https:\/\/i0.wp.com\/www.tvuai.com.br\/portal\/wp-content\/uploads\/2025\/01\/cemigenfeite.jpg?resize=130%2C95&ssl=1",130,95,true],"full":["https:\/\/i0.wp.com\/www.tvuai.com.br\/portal\/wp-content\/uploads\/2025\/01\/cemigenfeite.jpg?fit=200%2C200&ssl=1",200,200,false]},"categories_names":{"1815":{"name":"Economia","link":"https:\/\/www.tvuai.com.br\/portal\/category\/economia\/"},"19":{"name":"Not\u00edcias","link":"https:\/\/www.tvuai.com.br\/portal\/category\/noticias\/"},"5":{"name":"\u00daltimas Not\u00edcias","link":"https:\/\/www.tvuai.com.br\/portal\/category\/noticias\/ultimas\/"},"1829":{"name":"Utilidade Publica","link":"https:\/\/www.tvuai.com.br\/portal\/category\/utilidade\/"},"21":{"name":"Videos","link":"https:\/\/www.tvuai.com.br\/portal\/category\/videos\/"}},"tags_names":{"4559":{"name":"Cemig (Companhia Energ\u00e9tica de Minas Gerais)","link":"https:\/\/www.tvuai.com.br\/portal\/tag\/cemig-companhia-energetica-de-minas-gerais\/"},"4560":{"name":"Dia de Reis celebrado em 6 de janeiro","link":"https:\/\/www.tvuai.com.br\/portal\/tag\/dia-de-reis-celebrado-em-6-de-janeiro\/"},"4561":{"name":"engenheiro eletricista da Cemig Demetrio Aguiar","link":"https:\/\/www.tvuai.com.br\/portal\/tag\/engenheiro-eletricista-da-cemig-demetrio-aguiar\/"},"184":{"name":"Minas Gerais","link":"https:\/\/www.tvuai.com.br\/portal\/tag\/minas-gerais\/"},"37":{"name":"Pouso Alegre","link":"https:\/\/www.tvuai.com.br\/portal\/tag\/pouso-alegre\/"},"4562":{"name":"retirar as luzes de Natal","link":"https:\/\/www.tvuai.com.br\/portal\/tag\/retirar-as-luzes-de-natal\/"},"39":{"name":"Sul de Minas","link":"https:\/\/www.tvuai.com.br\/portal\/tag\/sul-de-minas\/"},"27":{"name":"TV Uai","link":"https:\/\/www.tvuai.com.br\/portal\/tag\/tv-uai\/"},"2760":{"name":"TV UAI 24 anos com voc\u00ea","link":"https:\/\/www.tvuai.com.br\/portal\/tag\/tv-uai-24-anos-com-voce\/"},"1618":{"name":"TV UAI Pouso Alegre","link":"https:\/\/www.tvuai.com.br\/portal\/tag\/tv-uai-pouso-alegre\/"}},"comments_number":"0","jetpack_shortlink":"https:\/\/wp.me\/p9woix-2Ki","jetpack_sharing_enabled":true,"_links":{"self":[{"href":"https:\/\/www.tvuai.com.br\/portal\/wp-json\/wp\/v2\/posts\/10558"}],"collection":[{"href":"https:\/\/www.tvuai.com.br\/portal\/wp-json\/wp\/v2\/posts"}],"about":[{"href":"https:\/\/www.tvuai.com.br\/portal\/wp-json\/wp\/v2\/types\/post"}],"author":[{"embeddable":true,"href":"https:\/\/www.tvuai.com.br\/portal\/wp-json\/wp\/v2\/users\/1"}],"replies":[{"embeddable":true,"href":"https:\/\/www.tvuai.com.br\/portal\/wp-json\/wp\/v2\/comments?post=10558"}],"version-history":[{"count":4,"href":"https:\/\/www.tvuai.com.br\/portal\/wp-json\/wp\/v2\/posts\/10558\/revisions"}],"predecessor-version":[{"id":10572,"href":"https:\/\/www.tvuai.com.br\/portal\/wp-json\/wp\/v2\/posts\/10558\/revisions\/10572"}],"wp:featuredmedia":[{"embeddable":true,"href":"https:\/\/www.tvuai.com.br\/portal\/wp-json\/wp\/v2\/media\/10571"}],"wp:attachment":[{"href":"https:\/\/www.tvuai.com.br\/portal\/wp-json\/wp\/v2\/media?parent=10558"}],"wp:term":[{"taxonomy":"category","embeddable":true,"href":"https:\/\/www.tvuai.com.br\/portal\/wp-json\/wp\/v2\/categories?post=10558"},{"taxonomy":"post_tag","embeddable":true,"href":"https:\/\/www.tvuai.com.br\/portal\/wp-json\/wp\/v2\/tags?post=10558"}],"curies":[{"name":"wp","href":"https:\/\/api.w.org\/{rel}","templated":true}]}}