{"id":10538,"date":"2025-01-06T18:01:43","date_gmt":"2025-01-06T21:01:43","guid":{"rendered":"https:\/\/www.tvuai.com.br\/portal\/?p=10538"},"modified":"2025-01-09T18:59:21","modified_gmt":"2025-01-09T21:59:21","slug":"ministerio-das-comunicacoes-lanca-edital-para-novo-canal-de-tv-em-pouso-alegre","status":"publish","type":"post","link":"https:\/\/www.tvuai.com.br\/portal\/ministerio-das-comunicacoes-lanca-edital-para-novo-canal-de-tv-em-pouso-alegre\/","title":{"rendered":"Minist\u00e9rio das Comunica\u00e7\u00f5es lan\u00e7a edital para novo canal de TV em Pouso Alegre"},"content":{"rendered":"<div class=\"5a1038e0903b96d426fcfcc338703013\" data-index=\"1\" style=\"float: right; margin:10px 0 10px 10px;\">\n<script async src=\"https:\/\/pagead2.googlesyndication.com\/pagead\/js\/adsbygoogle.js?client=ca-pub-9945944833605257\"\r\n     crossorigin=\"anonymous\"><\/script>\r\n<ins class=\"adsbygoogle\"\r\n     style=\"display:block; text-align:center;\"\r\n     data-ad-layout=\"in-article\"\r\n     data-ad-format=\"fluid\"\r\n     data-ad-client=\"ca-pub-9945944833605257\"\r\n     data-ad-slot=\"2343923581\"><\/ins>\r\n<script>\r\n     (adsbygoogle = window.adsbygoogle || []).push({});\r\n<\/script>\n<\/div>\n<h5 style=\"text-align: center;\"><em><strong><img data-recalc-dims=\"1\" decoding=\"async\" data-attachment-id=\"10540\" data-permalink=\"https:\/\/www.tvuai.com.br\/portal\/ministerio-das-comunicacoes-lanca-edital-para-novo-canal-de-tv-em-pouso-alegre\/mcom\/\" data-orig-file=\"https:\/\/i0.wp.com\/www.tvuai.com.br\/portal\/wp-content\/uploads\/2025\/01\/mcom.jpg?fit=1200%2C621&amp;ssl=1\" data-orig-size=\"1200,621\" data-comments-opened=\"0\" data-image-meta=\"{&quot;aperture&quot;:&quot;0&quot;,&quot;credit&quot;:&quot;&quot;,&quot;camera&quot;:&quot;&quot;,&quot;caption&quot;:&quot;&quot;,&quot;created_timestamp&quot;:&quot;0&quot;,&quot;copyright&quot;:&quot;&quot;,&quot;focal_length&quot;:&quot;0&quot;,&quot;iso&quot;:&quot;0&quot;,&quot;shutter_speed&quot;:&quot;0&quot;,&quot;title&quot;:&quot;&quot;,&quot;orientation&quot;:&quot;0&quot;}\" data-image-title=\"mcom\" data-image-description=\"\" data-image-caption=\"\" data-medium-file=\"https:\/\/i0.wp.com\/www.tvuai.com.br\/portal\/wp-content\/uploads\/2025\/01\/mcom.jpg?fit=300%2C155&amp;ssl=1\" data-large-file=\"https:\/\/i0.wp.com\/www.tvuai.com.br\/portal\/wp-content\/uploads\/2025\/01\/mcom.jpg?fit=640%2C331&amp;ssl=1\" tabindex=\"0\" role=\"button\" class=\"size-medium wp-image-10540 aligncenter\" src=\"https:\/\/i0.wp.com\/www.tvuai.com.br\/portal\/wp-content\/uploads\/2025\/01\/mcom.jpg?resize=300%2C155&#038;ssl=1\" alt=\"\" width=\"300\" height=\"155\" srcset=\"https:\/\/i0.wp.com\/www.tvuai.com.br\/portal\/wp-content\/uploads\/2025\/01\/mcom.jpg?resize=300%2C155&amp;ssl=1 300w, https:\/\/i0.wp.com\/www.tvuai.com.br\/portal\/wp-content\/uploads\/2025\/01\/mcom.jpg?resize=1024%2C530&amp;ssl=1 1024w, https:\/\/i0.wp.com\/www.tvuai.com.br\/portal\/wp-content\/uploads\/2025\/01\/mcom.jpg?resize=768%2C397&amp;ssl=1 768w, https:\/\/i0.wp.com\/www.tvuai.com.br\/portal\/wp-content\/uploads\/2025\/01\/mcom.jpg?w=1200&amp;ssl=1 1200w\" sizes=\"(max-width: 300px) 100vw, 300px\" \/>Objetivo \u00e9 oferecer mais op\u00e7\u00f5es de informa\u00e7\u00e3o, entretenimento e cultura<\/strong><\/em><\/h5>\n<p>O Minist\u00e9rio das Comunica\u00e7\u00f5es publicou no \u00faltimo dia 27 de dezembro, no Di\u00e1rio Oficial da Uni\u00e3o (DOU),<span style=\"color: #000080;\"><strong><a style=\"color: #000080;\" href=\"https:\/\/www.in.gov.br\/en\/web\/dou\/-\/edital-n-224\/2024\/mcom-604080600\"> edital para levar 227 novos canais de TV para 189 cidades brasileiras.<\/a><\/strong><\/span> Entre os munic\u00edpios contemplados no Estado de Minas Gerais est\u00e1 Pouso Alegre que, segundo o edital, pode ter um novo canal. Em Minas Gerais, outros 43 outros munic\u00edpios ser\u00e3o beneficiados.<\/p>\n<p>Em Minas Gerais, podem ser beneficiados moradores de 44 munic\u00edpios: Almenara, Andrel\u00e2ndia, Ara\u00e7ua\u00ed, Araguari, Arax\u00e1, Can\u00e1polis, Caratinga, Cataguases, Cl\u00e1udio, Concei\u00e7\u00e3o das Alagoas, Concei\u00e7\u00e3o do Par\u00e1, Curvelo, Diamantina, Governador Valadares, Itabira, Itajub\u00e1, Ita\u00fana, Ituiutaba, Jana\u00faba, Jo\u00e3o Monlevade, Juiz de Fora, Lavras, Machado, Montes Claros, Muria\u00e9, Oliveira, Papagaios, Passos, Patos de Minas, Patroc\u00ednio, Pimenta, Ponte Nova, Porteirinha, Pouso Alegre, Santa Rosa da Serra, S\u00e3o Francisco, S\u00e3o Jo\u00e3o Nepomuceno, S\u00e3o Sebasti\u00e3o do Para\u00edso, Te\u00f3filo Otoni, Tr\u00eas Cora\u00e7\u00f5es, Ub\u00e1, Uberaba, Uberl\u00e2ndia e Vi\u00e7osa.<\/p>\n<p>&#8220;A radiodifus\u00e3o \u00e9 um dos mecanismos de participa\u00e7\u00e3o social mais importantes e est\u00e1 entre as nossas prioridades. \u00c9 mais uma pol\u00edtica p\u00fablica para levar informa\u00e7\u00e3o de qualidade, cultura e entretenimento, dando mais op\u00e7\u00f5es a quem mora nessas localidades onde n\u00e3o existem tantos canais dispon\u00edveis&#8221;, afirmou o ministro das Comunica\u00e7\u00f5es, Juscelino Filho.<\/p>\n<p>Os interessados devem se cadastrar at\u00e9 31 de janeiro de 2025 <span style=\"color: #000080;\"><strong><a style=\"color: #000080;\" href=\"https:\/\/www.gov.br\/mcom\/pt-br\/assuntos\/radio-e-tv-aberta\/pno_rtv\">neste link<\/a><\/strong><\/span>.<\/p>\n<p><img data-recalc-dims=\"1\" decoding=\"async\" data-attachment-id=\"10575\" data-permalink=\"https:\/\/www.tvuai.com.br\/portal\/ministerio-das-comunicacoes-lanca-edital-para-novo-canal-de-tv-em-pouso-alegre\/editaltv\/\" data-orig-file=\"https:\/\/i0.wp.com\/www.tvuai.com.br\/portal\/wp-content\/uploads\/2025\/01\/editaltv.jpg?fit=2000%2C1036&amp;ssl=1\" data-orig-size=\"2000,1036\" data-comments-opened=\"0\" data-image-meta=\"{&quot;aperture&quot;:&quot;0&quot;,&quot;credit&quot;:&quot;&quot;,&quot;camera&quot;:&quot;&quot;,&quot;caption&quot;:&quot;&quot;,&quot;created_timestamp&quot;:&quot;0&quot;,&quot;copyright&quot;:&quot;&quot;,&quot;focal_length&quot;:&quot;0&quot;,&quot;iso&quot;:&quot;0&quot;,&quot;shutter_speed&quot;:&quot;0&quot;,&quot;title&quot;:&quot;&quot;,&quot;orientation&quot;:&quot;0&quot;}\" data-image-title=\"editaltv\" data-image-description=\"\" data-image-caption=\"\" data-medium-file=\"https:\/\/i0.wp.com\/www.tvuai.com.br\/portal\/wp-content\/uploads\/2025\/01\/editaltv.jpg?fit=300%2C155&amp;ssl=1\" data-large-file=\"https:\/\/i0.wp.com\/www.tvuai.com.br\/portal\/wp-content\/uploads\/2025\/01\/editaltv.jpg?fit=640%2C331&amp;ssl=1\" tabindex=\"0\" role=\"button\" class=\"size-medium wp-image-10575 alignright\" src=\"https:\/\/i0.wp.com\/www.tvuai.com.br\/portal\/wp-content\/uploads\/2025\/01\/editaltv.jpg?resize=300%2C155&#038;ssl=1\" alt=\"\" width=\"300\" height=\"155\" srcset=\"https:\/\/i0.wp.com\/www.tvuai.com.br\/portal\/wp-content\/uploads\/2025\/01\/editaltv.jpg?resize=300%2C155&amp;ssl=1 300w, https:\/\/i0.wp.com\/www.tvuai.com.br\/portal\/wp-content\/uploads\/2025\/01\/editaltv.jpg?resize=1024%2C530&amp;ssl=1 1024w, https:\/\/i0.wp.com\/www.tvuai.com.br\/portal\/wp-content\/uploads\/2025\/01\/editaltv.jpg?resize=768%2C398&amp;ssl=1 768w, https:\/\/i0.wp.com\/www.tvuai.com.br\/portal\/wp-content\/uploads\/2025\/01\/editaltv.jpg?resize=1536%2C796&amp;ssl=1 1536w, https:\/\/i0.wp.com\/www.tvuai.com.br\/portal\/wp-content\/uploads\/2025\/01\/editaltv.jpg?w=2000&amp;ssl=1 2000w, https:\/\/i0.wp.com\/www.tvuai.com.br\/portal\/wp-content\/uploads\/2025\/01\/editaltv.jpg?w=1280&amp;ssl=1 1280w, https:\/\/i0.wp.com\/www.tvuai.com.br\/portal\/wp-content\/uploads\/2025\/01\/editaltv.jpg?w=1920&amp;ssl=1 1920w\" sizes=\"(max-width: 300px) 100vw, 300px\" \/>De acordo com a publica\u00e7\u00e3o, ser\u00e3o selecionadas pessoas jur\u00eddicas e concession\u00e1rias de Radiodifus\u00e3o de Sons e Imagens, em car\u00e1ter prim\u00e1rio e com tecnologia digital, para retransmiss\u00e3o de televis\u00e3o (RTV).<\/p>\n<p>S\u00e3o 189 munic\u00edpios no Acre, Alagoas, Amazonas, Amap\u00e1, Bahia, Cear\u00e1, Esp\u00edrito Santo, Goi\u00e1s, Maranh\u00e3o, Minas Gerais, Mato Grosso, Mato Grosso do Sul, Par\u00e1, Para\u00edba, Pernambuco, Piau\u00ed, Paran\u00e1, Rio de Janeiro, Rio Grande do Norte, Rond\u00f4nia, Roraima, Rio Grande do Sul, Santa Catarina, Sergipe, S\u00e3o Paulo e Tocantins.<\/p>\n<p>Esta \u00e9 uma republica\u00e7\u00e3o do edital divulgado em novembro de 2023, com ajustes. Quem se candidatou neste anterior, ter\u00e1 que se cadastrar novamente. Com o edital, o cronograma do Plano Nacional de Outorgas 2023\/2024\/2025 tamb\u00e9m ter\u00e1 algumas altera\u00e7\u00f5es em rela\u00e7\u00e3o aos meses de datas de chamamento p\u00fablico para empresas interessadas em executar o servi\u00e7o.<\/p>\n<p>O Plano Nacional de Outorga (PNO) foi criado para dar uma maior transpar\u00eancia sobre os procedimentos e crit\u00e9rios necess\u00e1rios para que as localidades sejam contempladas em futuros editais de sele\u00e7\u00e3o p\u00fablica. Nos PNOs, s\u00e3o apresentadas todas as localidades que ser\u00e3o avaliadas para a concess\u00e3o ou autoriza\u00e7\u00e3o de novas outorgas para servi\u00e7os de radiodifus\u00e3o ou ancilares.<\/p>\n<p style=\"text-align: center;\"><strong>RTV<\/strong><\/p>\n<p>O servi\u00e7o tem a finalidade de retransmitir, de forma simult\u00e2nea ou n\u00e3o, os sinais de esta\u00e7\u00e3o geradora de televis\u00e3o, fazendo com que os sinais das esta\u00e7\u00f5es geradoras sejam recebidos em locais onde n\u00e3o s\u00e3o alcan\u00e7ados diretamente ou atingidos em condi\u00e7\u00f5es t\u00e9cnicas inadequadas. As emissoras autorizadas a executar os servi\u00e7os de RTV poder\u00e3o retransmitir os sinais oriundos de esta\u00e7\u00f5es geradoras de TV comercial ou educativa.<\/p>\n<p>As autoriza\u00e7\u00f5es para execu\u00e7\u00e3o do servi\u00e7o de RTV poder\u00e3o ser concedidas em car\u00e1ter prim\u00e1rio (canal protegido de interfer\u00eancias) ou secund\u00e1rio (canal sem prote\u00e7\u00e3o contra interfer\u00eancias). Nos dois casos, as autoriza\u00e7\u00f5es s\u00e3o concedidas de forma prec\u00e1ria, por serem servi\u00e7os ancilares ao servi\u00e7o de radiodifus\u00e3o de sons e imagens (TV).<\/p>\n\n<div style=\"font-size: 0px; height: 0px; line-height: 0px; margin: 0; padding: 0; clear: both;\"><\/div><div class='share-to-whatsapp-wrapper'><div class='share-on-whsp'>Share on: <\/div><a data-text='Minist\u00e9rio das Comunica\u00e7\u00f5es lan\u00e7a edital para novo canal de TV em Pouso Alegre' data-link='https:\/\/www.tvuai.com.br\/portal\/ministerio-das-comunicacoes-lanca-edital-para-novo-canal-de-tv-em-pouso-alegre\/' class='whatsapp-button whatsapp-share'>WhatsApp<\/a><div class='clear '><\/div><\/div><!-- AddThis Advanced Settings generic via filter on the_content --><!-- AddThis Share Buttons generic via filter on the_content -->","protected":false},"excerpt":{"rendered":"<p>Objetivo \u00e9 oferecer mais op\u00e7\u00f5es de informa\u00e7\u00e3o, entretenimento e cultura O Minist\u00e9rio das Comunica\u00e7\u00f5es publicou no \u00faltimo dia 27 de dezembro, no Di\u00e1rio Oficial da Uni\u00e3o (DOU), edital para levar 227 novos canais de TV para 189 cidades brasileiras. Entre os munic\u00edpios contemplados no Estado de Minas Gerais est\u00e1 Pouso Alegre que, segundo o edital, [&hellip;]<!-- AddThis Advanced Settings generic via filter on get_the_excerpt --><!-- AddThis Share Buttons generic via filter on get_the_excerpt --><\/p>\n","protected":false},"author":1,"featured_media":10576,"comment_status":"closed","ping_status":"closed","sticky":false,"template":"","format":"standard","meta":{"jetpack_post_was_ever_published":false,"_jetpack_newsletter_access":"","_jetpack_dont_email_post_to_subs":false,"_jetpack_newsletter_tier_id":0,"_jetpack_memberships_contains_paywalled_content":false,"_jetpack_memberships_contains_paid_content":false,"_joinchat":[],"footnotes":"","jetpack_publicize_message":"","jetpack_publicize_feature_enabled":true,"jetpack_social_post_already_shared":true,"jetpack_social_options":{"image_generator_settings":{"template":"highway","enabled":false},"version":2}},"categories":[1642,20,19,5],"tags":[4552,1614,184,4551,4554,4575,37,4553,4555,39,27,2760,1618],"class_list":["post-10538","post","type-post","status-publish","format-standard","has-post-thumbnail","hentry","category-tecnologia","category-entretenimento","category-noticias","category-ultimas","tag-227-novos-canais-de-tv-para-189-cidades-brasileiras","tag-governo-federal","tag-minas-gerais","tag-ministerio-das-comunicacoes","tag-ministro-das-comunicacoes-juscelino-filho","tag-novo-canal-de-tv-para-pouso-alegre","tag-pouso-alegre","tag-radiodifusao","tag-rtv","tag-sul-de-minas","tag-tv-uai","tag-tv-uai-24-anos-com-voce","tag-tv-uai-pouso-alegre"],"jetpack_publicize_connections":[],"yoast_head":"<!-- This site is optimized with the Yoast SEO plugin v23.5 - https:\/\/yoast.com\/wordpress\/plugins\/seo\/ -->\n<title>Minist\u00e9rio das Comunica\u00e7\u00f5es lan\u00e7a edital para novo canal de TV em Pouso Alegre - TVUAI<\/title>\n<meta name=\"robots\" content=\"index, follow, max-snippet:-1, max-image-preview:large, max-video-preview:-1\" \/>\n<link rel=\"canonical\" href=\"https:\/\/www.tvuai.com.br\/portal\/ministerio-das-comunicacoes-lanca-edital-para-novo-canal-de-tv-em-pouso-alegre\/\" \/>\n<meta property=\"og:locale\" content=\"pt_BR\" \/>\n<meta property=\"og:type\" content=\"article\" \/>\n<meta property=\"og:title\" content=\"Minist\u00e9rio das Comunica\u00e7\u00f5es lan\u00e7a edital para novo canal de TV em Pouso Alegre - TVUAI\" \/>\n<meta property=\"og:description\" content=\"Objetivo \u00e9 oferecer mais op\u00e7\u00f5es de informa\u00e7\u00e3o, entretenimento e cultura O Minist\u00e9rio das Comunica\u00e7\u00f5es publicou no \u00faltimo dia 27 de dezembro, no Di\u00e1rio Oficial da Uni\u00e3o (DOU), edital para levar 227 novos canais de TV para 189 cidades brasileiras. Entre os munic\u00edpios contemplados no Estado de Minas Gerais est\u00e1 Pouso Alegre que, segundo o edital, [&hellip;]\" \/>\n<meta property=\"og:url\" content=\"https:\/\/www.tvuai.com.br\/portal\/ministerio-das-comunicacoes-lanca-edital-para-novo-canal-de-tv-em-pouso-alegre\/\" \/>\n<meta property=\"og:site_name\" content=\"TVUAI\" \/>\n<meta property=\"article:publisher\" content=\"http:\/\/www.facebook.com\/pages\/TV-Uai-Comunica%c3%a7%c3%a3o\/139062546157369\" \/>\n<meta property=\"article:published_time\" content=\"2025-01-06T21:01:43+00:00\" \/>\n<meta property=\"article:modified_time\" content=\"2025-01-09T21:59:21+00:00\" \/>\n<meta property=\"og:image\" content=\"https:\/\/www.tvuai.com.br\/portal\/wp-content\/uploads\/2025\/01\/editaltv0.jpg\" \/>\n\t<meta property=\"og:image:width\" content=\"200\" \/>\n\t<meta property=\"og:image:height\" content=\"200\" \/>\n\t<meta property=\"og:image:type\" content=\"image\/jpeg\" \/>\n<meta name=\"author\" content=\"tvuai\" \/>\n<meta name=\"twitter:card\" content=\"summary_large_image\" \/>\n<meta name=\"twitter:creator\" content=\"@tvuai\" \/>\n<meta name=\"twitter:site\" content=\"@tvuai\" \/>\n<meta name=\"twitter:label1\" content=\"Escrito por\" \/>\n\t<meta name=\"twitter:data1\" content=\"tvuai\" \/>\n\t<meta name=\"twitter:label2\" content=\"Est. tempo de leitura\" \/>\n\t<meta name=\"twitter:data2\" content=\"4 minutos\" \/>\n<script type=\"application\/ld+json\" class=\"yoast-schema-graph\">{\"@context\":\"https:\/\/schema.org\",\"@graph\":[{\"@type\":\"Article\",\"@id\":\"https:\/\/www.tvuai.com.br\/portal\/ministerio-das-comunicacoes-lanca-edital-para-novo-canal-de-tv-em-pouso-alegre\/#article\",\"isPartOf\":{\"@id\":\"https:\/\/www.tvuai.com.br\/portal\/ministerio-das-comunicacoes-lanca-edital-para-novo-canal-de-tv-em-pouso-alegre\/\"},\"author\":{\"name\":\"tvuai\",\"@id\":\"https:\/\/www.tvuai.com.br\/portal\/#\/schema\/person\/245e50e9127451fd0b7fd76f519ebbfe\"},\"headline\":\"Minist\u00e9rio das Comunica\u00e7\u00f5es lan\u00e7a edital para novo canal de TV em Pouso Alegre\",\"datePublished\":\"2025-01-06T21:01:43+00:00\",\"dateModified\":\"2025-01-09T21:59:21+00:00\",\"mainEntityOfPage\":{\"@id\":\"https:\/\/www.tvuai.com.br\/portal\/ministerio-das-comunicacoes-lanca-edital-para-novo-canal-de-tv-em-pouso-alegre\/\"},\"wordCount\":616,\"publisher\":{\"@id\":\"https:\/\/www.tvuai.com.br\/portal\/#organization\"},\"image\":{\"@id\":\"https:\/\/www.tvuai.com.br\/portal\/ministerio-das-comunicacoes-lanca-edital-para-novo-canal-de-tv-em-pouso-alegre\/#primaryimage\"},\"thumbnailUrl\":\"https:\/\/i0.wp.com\/www.tvuai.com.br\/portal\/wp-content\/uploads\/2025\/01\/editaltv0.jpg?fit=200%2C200&ssl=1\",\"keywords\":[\"227 novos canais de TV para 189 cidades brasileiras\",\"governo federal\",\"Minas Gerais\",\"Minist\u00e9rio das Comunica\u00e7\u00f5es\",\"ministro das Comunica\u00e7\u00f5es Juscelino Filho.\",\"novo canal de TV para Pouso Alegre\",\"Pouso Alegre\",\"radiodifus\u00e3o\",\"RTV\",\"Sul de Minas\",\"TV Uai\",\"TV UAI 24 anos com voc\u00ea\",\"TV UAI Pouso Alegre\"],\"articleSection\":[\"Ci\u00eancia e Tecnologia\",\"Entretenimento\",\"Not\u00edcias\",\"\u00daltimas Not\u00edcias\"],\"inLanguage\":\"pt-BR\"},{\"@type\":\"WebPage\",\"@id\":\"https:\/\/www.tvuai.com.br\/portal\/ministerio-das-comunicacoes-lanca-edital-para-novo-canal-de-tv-em-pouso-alegre\/\",\"url\":\"https:\/\/www.tvuai.com.br\/portal\/ministerio-das-comunicacoes-lanca-edital-para-novo-canal-de-tv-em-pouso-alegre\/\",\"name\":\"Minist\u00e9rio das Comunica\u00e7\u00f5es lan\u00e7a edital para novo canal de TV em Pouso Alegre - TVUAI\",\"isPartOf\":{\"@id\":\"https:\/\/www.tvuai.com.br\/portal\/#website\"},\"primaryImageOfPage\":{\"@id\":\"https:\/\/www.tvuai.com.br\/portal\/ministerio-das-comunicacoes-lanca-edital-para-novo-canal-de-tv-em-pouso-alegre\/#primaryimage\"},\"image\":{\"@id\":\"https:\/\/www.tvuai.com.br\/portal\/ministerio-das-comunicacoes-lanca-edital-para-novo-canal-de-tv-em-pouso-alegre\/#primaryimage\"},\"thumbnailUrl\":\"https:\/\/i0.wp.com\/www.tvuai.com.br\/portal\/wp-content\/uploads\/2025\/01\/editaltv0.jpg?fit=200%2C200&ssl=1\",\"datePublished\":\"2025-01-06T21:01:43+00:00\",\"dateModified\":\"2025-01-09T21:59:21+00:00\",\"breadcrumb\":{\"@id\":\"https:\/\/www.tvuai.com.br\/portal\/ministerio-das-comunicacoes-lanca-edital-para-novo-canal-de-tv-em-pouso-alegre\/#breadcrumb\"},\"inLanguage\":\"pt-BR\",\"potentialAction\":[{\"@type\":\"ReadAction\",\"target\":[\"https:\/\/www.tvuai.com.br\/portal\/ministerio-das-comunicacoes-lanca-edital-para-novo-canal-de-tv-em-pouso-alegre\/\"]}]},{\"@type\":\"ImageObject\",\"inLanguage\":\"pt-BR\",\"@id\":\"https:\/\/www.tvuai.com.br\/portal\/ministerio-das-comunicacoes-lanca-edital-para-novo-canal-de-tv-em-pouso-alegre\/#primaryimage\",\"url\":\"https:\/\/i0.wp.com\/www.tvuai.com.br\/portal\/wp-content\/uploads\/2025\/01\/editaltv0.jpg?fit=200%2C200&ssl=1\",\"contentUrl\":\"https:\/\/i0.wp.com\/www.tvuai.com.br\/portal\/wp-content\/uploads\/2025\/01\/editaltv0.jpg?fit=200%2C200&ssl=1\",\"width\":200,\"height\":200},{\"@type\":\"BreadcrumbList\",\"@id\":\"https:\/\/www.tvuai.com.br\/portal\/ministerio-das-comunicacoes-lanca-edital-para-novo-canal-de-tv-em-pouso-alegre\/#breadcrumb\",\"itemListElement\":[{\"@type\":\"ListItem\",\"position\":1,\"name\":\"In\u00edcio\",\"item\":\"https:\/\/www.tvuai.com.br\/portal\/\"},{\"@type\":\"ListItem\",\"position\":2,\"name\":\"Minist\u00e9rio das Comunica\u00e7\u00f5es lan\u00e7a edital para novo canal de TV em Pouso Alegre\"}]},{\"@type\":\"WebSite\",\"@id\":\"https:\/\/www.tvuai.com.br\/portal\/#website\",\"url\":\"https:\/\/www.tvuai.com.br\/portal\/\",\"name\":\"TVUAI\",\"description\":\"Tudo sobre o Sul de Minas\",\"publisher\":{\"@id\":\"https:\/\/www.tvuai.com.br\/portal\/#organization\"},\"potentialAction\":[{\"@type\":\"SearchAction\",\"target\":{\"@type\":\"EntryPoint\",\"urlTemplate\":\"https:\/\/www.tvuai.com.br\/portal\/?s={search_term_string}\"},\"query-input\":{\"@type\":\"PropertyValueSpecification\",\"valueRequired\":true,\"valueName\":\"search_term_string\"}}],\"inLanguage\":\"pt-BR\"},{\"@type\":\"Organization\",\"@id\":\"https:\/\/www.tvuai.com.br\/portal\/#organization\",\"name\":\"TVUAI\",\"url\":\"https:\/\/www.tvuai.com.br\/portal\/\",\"logo\":{\"@type\":\"ImageObject\",\"inLanguage\":\"pt-BR\",\"@id\":\"https:\/\/www.tvuai.com.br\/portal\/#\/schema\/logo\/image\/\",\"url\":\"https:\/\/i0.wp.com\/www.tvuai.com.br\/portal\/wp-content\/uploads\/2017\/12\/logo_tvuai_100H.png?fit=207%2C100&ssl=1\",\"contentUrl\":\"https:\/\/i0.wp.com\/www.tvuai.com.br\/portal\/wp-content\/uploads\/2017\/12\/logo_tvuai_100H.png?fit=207%2C100&ssl=1\",\"width\":207,\"height\":100,\"caption\":\"TVUAI\"},\"image\":{\"@id\":\"https:\/\/www.tvuai.com.br\/portal\/#\/schema\/logo\/image\/\"},\"sameAs\":[\"http:\/\/www.facebook.com\/pages\/TV-Uai-Comunica\u00e7\u00e3o\/139062546157369\",\"https:\/\/x.com\/tvuai\",\"https:\/\/www.instagram.com\/tvuai_network\/\",\"https:\/\/www.youtube.com\/channel\/UCB7ZPB3wRv-OpoZ_09jmnkQ\"]},{\"@type\":\"Person\",\"@id\":\"https:\/\/www.tvuai.com.br\/portal\/#\/schema\/person\/245e50e9127451fd0b7fd76f519ebbfe\",\"name\":\"tvuai\",\"url\":\"https:\/\/www.tvuai.com.br\/portal\/author\/tvuai\/\"}]}<\/script>\n<!-- \/ Yoast SEO plugin. -->","yoast_head_json":{"title":"Minist\u00e9rio das Comunica\u00e7\u00f5es lan\u00e7a edital para novo canal de TV em Pouso Alegre - TVUAI","robots":{"index":"index","follow":"follow","max-snippet":"max-snippet:-1","max-image-preview":"max-image-preview:large","max-video-preview":"max-video-preview:-1"},"canonical":"https:\/\/www.tvuai.com.br\/portal\/ministerio-das-comunicacoes-lanca-edital-para-novo-canal-de-tv-em-pouso-alegre\/","og_locale":"pt_BR","og_type":"article","og_title":"Minist\u00e9rio das Comunica\u00e7\u00f5es lan\u00e7a edital para novo canal de TV em Pouso Alegre - TVUAI","og_description":"Objetivo \u00e9 oferecer mais op\u00e7\u00f5es de informa\u00e7\u00e3o, entretenimento e cultura O Minist\u00e9rio das Comunica\u00e7\u00f5es publicou no \u00faltimo dia 27 de dezembro, no Di\u00e1rio Oficial da Uni\u00e3o (DOU), edital para levar 227 novos canais de TV para 189 cidades brasileiras. Entre os munic\u00edpios contemplados no Estado de Minas Gerais est\u00e1 Pouso Alegre que, segundo o edital, [&hellip;]","og_url":"https:\/\/www.tvuai.com.br\/portal\/ministerio-das-comunicacoes-lanca-edital-para-novo-canal-de-tv-em-pouso-alegre\/","og_site_name":"TVUAI","article_publisher":"http:\/\/www.facebook.com\/pages\/TV-Uai-Comunica%c3%a7%c3%a3o\/139062546157369","article_published_time":"2025-01-06T21:01:43+00:00","article_modified_time":"2025-01-09T21:59:21+00:00","og_image":[{"width":200,"height":200,"url":"https:\/\/www.tvuai.com.br\/portal\/wp-content\/uploads\/2025\/01\/editaltv0.jpg","type":"image\/jpeg"}],"author":"tvuai","twitter_card":"summary_large_image","twitter_creator":"@tvuai","twitter_site":"@tvuai","twitter_misc":{"Escrito por":"tvuai","Est. tempo de leitura":"4 minutos"},"schema":{"@context":"https:\/\/schema.org","@graph":[{"@type":"Article","@id":"https:\/\/www.tvuai.com.br\/portal\/ministerio-das-comunicacoes-lanca-edital-para-novo-canal-de-tv-em-pouso-alegre\/#article","isPartOf":{"@id":"https:\/\/www.tvuai.com.br\/portal\/ministerio-das-comunicacoes-lanca-edital-para-novo-canal-de-tv-em-pouso-alegre\/"},"author":{"name":"tvuai","@id":"https:\/\/www.tvuai.com.br\/portal\/#\/schema\/person\/245e50e9127451fd0b7fd76f519ebbfe"},"headline":"Minist\u00e9rio das Comunica\u00e7\u00f5es lan\u00e7a edital para novo canal de TV em Pouso Alegre","datePublished":"2025-01-06T21:01:43+00:00","dateModified":"2025-01-09T21:59:21+00:00","mainEntityOfPage":{"@id":"https:\/\/www.tvuai.com.br\/portal\/ministerio-das-comunicacoes-lanca-edital-para-novo-canal-de-tv-em-pouso-alegre\/"},"wordCount":616,"publisher":{"@id":"https:\/\/www.tvuai.com.br\/portal\/#organization"},"image":{"@id":"https:\/\/www.tvuai.com.br\/portal\/ministerio-das-comunicacoes-lanca-edital-para-novo-canal-de-tv-em-pouso-alegre\/#primaryimage"},"thumbnailUrl":"https:\/\/i0.wp.com\/www.tvuai.com.br\/portal\/wp-content\/uploads\/2025\/01\/editaltv0.jpg?fit=200%2C200&ssl=1","keywords":["227 novos canais de TV para 189 cidades brasileiras","governo federal","Minas Gerais","Minist\u00e9rio das Comunica\u00e7\u00f5es","ministro das Comunica\u00e7\u00f5es Juscelino Filho.","novo canal de TV para Pouso Alegre","Pouso Alegre","radiodifus\u00e3o","RTV","Sul de Minas","TV Uai","TV UAI 24 anos com voc\u00ea","TV UAI Pouso Alegre"],"articleSection":["Ci\u00eancia e Tecnologia","Entretenimento","Not\u00edcias","\u00daltimas Not\u00edcias"],"inLanguage":"pt-BR"},{"@type":"WebPage","@id":"https:\/\/www.tvuai.com.br\/portal\/ministerio-das-comunicacoes-lanca-edital-para-novo-canal-de-tv-em-pouso-alegre\/","url":"https:\/\/www.tvuai.com.br\/portal\/ministerio-das-comunicacoes-lanca-edital-para-novo-canal-de-tv-em-pouso-alegre\/","name":"Minist\u00e9rio das Comunica\u00e7\u00f5es lan\u00e7a edital para novo canal de TV em Pouso Alegre - TVUAI","isPartOf":{"@id":"https:\/\/www.tvuai.com.br\/portal\/#website"},"primaryImageOfPage":{"@id":"https:\/\/www.tvuai.com.br\/portal\/ministerio-das-comunicacoes-lanca-edital-para-novo-canal-de-tv-em-pouso-alegre\/#primaryimage"},"image":{"@id":"https:\/\/www.tvuai.com.br\/portal\/ministerio-das-comunicacoes-lanca-edital-para-novo-canal-de-tv-em-pouso-alegre\/#primaryimage"},"thumbnailUrl":"https:\/\/i0.wp.com\/www.tvuai.com.br\/portal\/wp-content\/uploads\/2025\/01\/editaltv0.jpg?fit=200%2C200&ssl=1","datePublished":"2025-01-06T21:01:43+00:00","dateModified":"2025-01-09T21:59:21+00:00","breadcrumb":{"@id":"https:\/\/www.tvuai.com.br\/portal\/ministerio-das-comunicacoes-lanca-edital-para-novo-canal-de-tv-em-pouso-alegre\/#breadcrumb"},"inLanguage":"pt-BR","potentialAction":[{"@type":"ReadAction","target":["https:\/\/www.tvuai.com.br\/portal\/ministerio-das-comunicacoes-lanca-edital-para-novo-canal-de-tv-em-pouso-alegre\/"]}]},{"@type":"ImageObject","inLanguage":"pt-BR","@id":"https:\/\/www.tvuai.com.br\/portal\/ministerio-das-comunicacoes-lanca-edital-para-novo-canal-de-tv-em-pouso-alegre\/#primaryimage","url":"https:\/\/i0.wp.com\/www.tvuai.com.br\/portal\/wp-content\/uploads\/2025\/01\/editaltv0.jpg?fit=200%2C200&ssl=1","contentUrl":"https:\/\/i0.wp.com\/www.tvuai.com.br\/portal\/wp-content\/uploads\/2025\/01\/editaltv0.jpg?fit=200%2C200&ssl=1","width":200,"height":200},{"@type":"BreadcrumbList","@id":"https:\/\/www.tvuai.com.br\/portal\/ministerio-das-comunicacoes-lanca-edital-para-novo-canal-de-tv-em-pouso-alegre\/#breadcrumb","itemListElement":[{"@type":"ListItem","position":1,"name":"In\u00edcio","item":"https:\/\/www.tvuai.com.br\/portal\/"},{"@type":"ListItem","position":2,"name":"Minist\u00e9rio das Comunica\u00e7\u00f5es lan\u00e7a edital para novo canal de TV em Pouso Alegre"}]},{"@type":"WebSite","@id":"https:\/\/www.tvuai.com.br\/portal\/#website","url":"https:\/\/www.tvuai.com.br\/portal\/","name":"TVUAI","description":"Tudo sobre o Sul de Minas","publisher":{"@id":"https:\/\/www.tvuai.com.br\/portal\/#organization"},"potentialAction":[{"@type":"SearchAction","target":{"@type":"EntryPoint","urlTemplate":"https:\/\/www.tvuai.com.br\/portal\/?s={search_term_string}"},"query-input":{"@type":"PropertyValueSpecification","valueRequired":true,"valueName":"search_term_string"}}],"inLanguage":"pt-BR"},{"@type":"Organization","@id":"https:\/\/www.tvuai.com.br\/portal\/#organization","name":"TVUAI","url":"https:\/\/www.tvuai.com.br\/portal\/","logo":{"@type":"ImageObject","inLanguage":"pt-BR","@id":"https:\/\/www.tvuai.com.br\/portal\/#\/schema\/logo\/image\/","url":"https:\/\/i0.wp.com\/www.tvuai.com.br\/portal\/wp-content\/uploads\/2017\/12\/logo_tvuai_100H.png?fit=207%2C100&ssl=1","contentUrl":"https:\/\/i0.wp.com\/www.tvuai.com.br\/portal\/wp-content\/uploads\/2017\/12\/logo_tvuai_100H.png?fit=207%2C100&ssl=1","width":207,"height":100,"caption":"TVUAI"},"image":{"@id":"https:\/\/www.tvuai.com.br\/portal\/#\/schema\/logo\/image\/"},"sameAs":["http:\/\/www.facebook.com\/pages\/TV-Uai-Comunica\u00e7\u00e3o\/139062546157369","https:\/\/x.com\/tvuai","https:\/\/www.instagram.com\/tvuai_network\/","https:\/\/www.youtube.com\/channel\/UCB7ZPB3wRv-OpoZ_09jmnkQ"]},{"@type":"Person","@id":"https:\/\/www.tvuai.com.br\/portal\/#\/schema\/person\/245e50e9127451fd0b7fd76f519ebbfe","name":"tvuai","url":"https:\/\/www.tvuai.com.br\/portal\/author\/tvuai\/"}]}},"jetpack_featured_media_url":"https:\/\/i0.wp.com\/www.tvuai.com.br\/portal\/wp-content\/uploads\/2025\/01\/editaltv0.jpg?fit=200%2C200&ssl=1","wpmagazine_modules_lite_featured_media_urls":{"thumbnail":["https:\/\/i0.wp.com\/www.tvuai.com.br\/portal\/wp-content\/uploads\/2025\/01\/editaltv0.jpg?resize=150%2C150&ssl=1",150,150,true],"cvmm-medium":["https:\/\/i0.wp.com\/www.tvuai.com.br\/portal\/wp-content\/uploads\/2025\/01\/editaltv0.jpg?resize=200%2C200&ssl=1",200,200,true],"cvmm-medium-plus":["https:\/\/i0.wp.com\/www.tvuai.com.br\/portal\/wp-content\/uploads\/2025\/01\/editaltv0.jpg?resize=200%2C200&ssl=1",200,200,true],"cvmm-portrait":["https:\/\/i0.wp.com\/www.tvuai.com.br\/portal\/wp-content\/uploads\/2025\/01\/editaltv0.jpg?resize=200%2C200&ssl=1",200,200,true],"cvmm-medium-square":["https:\/\/i0.wp.com\/www.tvuai.com.br\/portal\/wp-content\/uploads\/2025\/01\/editaltv0.jpg?resize=200%2C200&ssl=1",200,200,true],"cvmm-large":["https:\/\/i0.wp.com\/www.tvuai.com.br\/portal\/wp-content\/uploads\/2025\/01\/editaltv0.jpg?resize=200%2C200&ssl=1",200,200,true],"cvmm-small":["https:\/\/i0.wp.com\/www.tvuai.com.br\/portal\/wp-content\/uploads\/2025\/01\/editaltv0.jpg?resize=130%2C95&ssl=1",130,95,true],"full":["https:\/\/i0.wp.com\/www.tvuai.com.br\/portal\/wp-content\/uploads\/2025\/01\/editaltv0.jpg?fit=200%2C200&ssl=1",200,200,false]},"categories_names":{"1642":{"name":"Ci\u00eancia e Tecnologia","link":"https:\/\/www.tvuai.com.br\/portal\/category\/tecnologia\/"},"20":{"name":"Entretenimento","link":"https:\/\/www.tvuai.com.br\/portal\/category\/entretenimento\/"},"19":{"name":"Not\u00edcias","link":"https:\/\/www.tvuai.com.br\/portal\/category\/noticias\/"},"5":{"name":"\u00daltimas Not\u00edcias","link":"https:\/\/www.tvuai.com.br\/portal\/category\/noticias\/ultimas\/"}},"tags_names":{"4552":{"name":"227 novos canais de TV para 189 cidades brasileiras","link":"https:\/\/www.tvuai.com.br\/portal\/tag\/227-novos-canais-de-tv-para-189-cidades-brasileiras\/"},"1614":{"name":"governo federal","link":"https:\/\/www.tvuai.com.br\/portal\/tag\/governo-federal\/"},"184":{"name":"Minas Gerais","link":"https:\/\/www.tvuai.com.br\/portal\/tag\/minas-gerais\/"},"4551":{"name":"Minist\u00e9rio das Comunica\u00e7\u00f5es","link":"https:\/\/www.tvuai.com.br\/portal\/tag\/ministerio-das-comunicacoes\/"},"4554":{"name":"ministro das Comunica\u00e7\u00f5es Juscelino Filho.","link":"https:\/\/www.tvuai.com.br\/portal\/tag\/ministro-das-comunicacoes-juscelino-filho\/"},"4575":{"name":"novo canal de TV para Pouso Alegre","link":"https:\/\/www.tvuai.com.br\/portal\/tag\/novo-canal-de-tv-para-pouso-alegre\/"},"37":{"name":"Pouso Alegre","link":"https:\/\/www.tvuai.com.br\/portal\/tag\/pouso-alegre\/"},"4553":{"name":"radiodifus\u00e3o","link":"https:\/\/www.tvuai.com.br\/portal\/tag\/radiodifusao\/"},"4555":{"name":"RTV","link":"https:\/\/www.tvuai.com.br\/portal\/tag\/rtv\/"},"39":{"name":"Sul de Minas","link":"https:\/\/www.tvuai.com.br\/portal\/tag\/sul-de-minas\/"},"27":{"name":"TV Uai","link":"https:\/\/www.tvuai.com.br\/portal\/tag\/tv-uai\/"},"2760":{"name":"TV UAI 24 anos com voc\u00ea","link":"https:\/\/www.tvuai.com.br\/portal\/tag\/tv-uai-24-anos-com-voce\/"},"1618":{"name":"TV UAI Pouso Alegre","link":"https:\/\/www.tvuai.com.br\/portal\/tag\/tv-uai-pouso-alegre\/"}},"comments_number":"0","jetpack_shortlink":"https:\/\/wp.me\/p9woix-2JY","jetpack_sharing_enabled":true,"_links":{"self":[{"href":"https:\/\/www.tvuai.com.br\/portal\/wp-json\/wp\/v2\/posts\/10538"}],"collection":[{"href":"https:\/\/www.tvuai.com.br\/portal\/wp-json\/wp\/v2\/posts"}],"about":[{"href":"https:\/\/www.tvuai.com.br\/portal\/wp-json\/wp\/v2\/types\/post"}],"author":[{"embeddable":true,"href":"https:\/\/www.tvuai.com.br\/portal\/wp-json\/wp\/v2\/users\/1"}],"replies":[{"embeddable":true,"href":"https:\/\/www.tvuai.com.br\/portal\/wp-json\/wp\/v2\/comments?post=10538"}],"version-history":[{"count":5,"href":"https:\/\/www.tvuai.com.br\/portal\/wp-json\/wp\/v2\/posts\/10538\/revisions"}],"predecessor-version":[{"id":10577,"href":"https:\/\/www.tvuai.com.br\/portal\/wp-json\/wp\/v2\/posts\/10538\/revisions\/10577"}],"wp:featuredmedia":[{"embeddable":true,"href":"https:\/\/www.tvuai.com.br\/portal\/wp-json\/wp\/v2\/media\/10576"}],"wp:attachment":[{"href":"https:\/\/www.tvuai.com.br\/portal\/wp-json\/wp\/v2\/media?parent=10538"}],"wp:term":[{"taxonomy":"category","embeddable":true,"href":"https:\/\/www.tvuai.com.br\/portal\/wp-json\/wp\/v2\/categories?post=10538"},{"taxonomy":"post_tag","embeddable":true,"href":"https:\/\/www.tvuai.com.br\/portal\/wp-json\/wp\/v2\/tags?post=10538"}],"curies":[{"name":"wp","href":"https:\/\/api.w.org\/{rel}","templated":true}]}}