{"id":10276,"date":"2024-12-13T15:19:02","date_gmt":"2024-12-13T18:19:02","guid":{"rendered":"https:\/\/www.tvuai.com.br\/portal\/?p=10276"},"modified":"2024-12-17T11:26:24","modified_gmt":"2024-12-17T14:26:24","slug":"minas-gerais-recebeu-primeiros-helicopteros-h145-cinco-pas-publicos-do-pais-para-emergencias-medicas","status":"publish","type":"post","link":"https:\/\/www.tvuai.com.br\/portal\/minas-gerais-recebeu-primeiros-helicopteros-h145-cinco-pas-publicos-do-pais-para-emergencias-medicas\/","title":{"rendered":"Minas Gerais recebeu primeiros helic\u00f3pteros H145 cinco p\u00e1s p\u00fablicos do pa\u00eds para emerg\u00eancias m\u00e9dicas"},"content":{"rendered":"<div class=\"5a1038e0903b96d426fcfcc338703013\" data-index=\"1\" style=\"float: right; margin:10px 0 10px 10px;\">\n<script async src=\"https:\/\/pagead2.googlesyndication.com\/pagead\/js\/adsbygoogle.js?client=ca-pub-9945944833605257\"\r\n     crossorigin=\"anonymous\"><\/script>\r\n<ins class=\"adsbygoogle\"\r\n     style=\"display:block; text-align:center;\"\r\n     data-ad-layout=\"in-article\"\r\n     data-ad-format=\"fluid\"\r\n     data-ad-client=\"ca-pub-9945944833605257\"\r\n     data-ad-slot=\"2343923581\"><\/ins>\r\n<script>\r\n     (adsbygoogle = window.adsbygoogle || []).push({});\r\n<\/script>\n<\/div>\n<p><img data-recalc-dims=\"1\" fetchpriority=\"high\" decoding=\"async\" data-attachment-id=\"10278\" data-permalink=\"https:\/\/www.tvuai.com.br\/portal\/minas-gerais-recebeu-primeiros-helicopteros-h145-cinco-pas-publicos-do-pais-para-emergencias-medicas\/helicoptero\/\" data-orig-file=\"https:\/\/i0.wp.com\/www.tvuai.com.br\/portal\/wp-content\/uploads\/2024\/12\/helicoptero.jpg?fit=1600%2C980&amp;ssl=1\" data-orig-size=\"1600,980\" data-comments-opened=\"0\" data-image-meta=\"{&quot;aperture&quot;:&quot;0&quot;,&quot;credit&quot;:&quot;&quot;,&quot;camera&quot;:&quot;&quot;,&quot;caption&quot;:&quot;&quot;,&quot;created_timestamp&quot;:&quot;0&quot;,&quot;copyright&quot;:&quot;&quot;,&quot;focal_length&quot;:&quot;0&quot;,&quot;iso&quot;:&quot;0&quot;,&quot;shutter_speed&quot;:&quot;0&quot;,&quot;title&quot;:&quot;&quot;,&quot;orientation&quot;:&quot;0&quot;}\" data-image-title=\"helicoptero\" data-image-description=\"\" data-image-caption=\"\" data-medium-file=\"https:\/\/i0.wp.com\/www.tvuai.com.br\/portal\/wp-content\/uploads\/2024\/12\/helicoptero.jpg?fit=300%2C184&amp;ssl=1\" data-large-file=\"https:\/\/i0.wp.com\/www.tvuai.com.br\/portal\/wp-content\/uploads\/2024\/12\/helicoptero.jpg?fit=640%2C392&amp;ssl=1\" tabindex=\"0\" role=\"button\" class=\"size-medium wp-image-10278 aligncenter\" src=\"https:\/\/i0.wp.com\/www.tvuai.com.br\/portal\/wp-content\/uploads\/2024\/12\/helicoptero.jpg?resize=300%2C184&#038;ssl=1\" alt=\"\" width=\"300\" height=\"184\" srcset=\"https:\/\/i0.wp.com\/www.tvuai.com.br\/portal\/wp-content\/uploads\/2024\/12\/helicoptero.jpg?resize=300%2C184&amp;ssl=1 300w, https:\/\/i0.wp.com\/www.tvuai.com.br\/portal\/wp-content\/uploads\/2024\/12\/helicoptero.jpg?resize=1024%2C627&amp;ssl=1 1024w, https:\/\/i0.wp.com\/www.tvuai.com.br\/portal\/wp-content\/uploads\/2024\/12\/helicoptero.jpg?resize=768%2C470&amp;ssl=1 768w, https:\/\/i0.wp.com\/www.tvuai.com.br\/portal\/wp-content\/uploads\/2024\/12\/helicoptero.jpg?resize=1536%2C941&amp;ssl=1 1536w, https:\/\/i0.wp.com\/www.tvuai.com.br\/portal\/wp-content\/uploads\/2024\/12\/helicoptero.jpg?w=1600&amp;ssl=1 1600w, https:\/\/i0.wp.com\/www.tvuai.com.br\/portal\/wp-content\/uploads\/2024\/12\/helicoptero.jpg?w=1280&amp;ssl=1 1280w\" sizes=\"(max-width: 300px) 100vw, 300px\" \/>O Corpo de Bombeiros Militar de Minas Gerais (CBMMG) recebeu na \u00faltima quinta-feira, 12, dois H145, configurados para Servi\u00e7o Aerom\u00e9dico de Emerg\u00eancia de Helic\u00f3pteros (HEMS, na sigla em ingl\u00eas). Os helic\u00f3pteros, adquiridos pela pela Secretaria de Estado de Sa\u00fade de Minas Gerais, ser\u00e3o operados pelo Batalh\u00e3o de Opera\u00e7\u00f5es A\u00e9reas (BOA), a servi\u00e7o do Suporte A\u00e9reo Avan\u00e7ado de Vida (SAAV) para emerg\u00eancias m\u00e9dicas e miss\u00f5es de busca e salvamento no Estado. Estes s\u00e3o os primeiros H145s cinco p\u00e1s p\u00fablicos do Brasil.<\/p>\n<p><img data-recalc-dims=\"1\" decoding=\"async\" data-attachment-id=\"10313\" data-permalink=\"https:\/\/www.tvuai.com.br\/portal\/minas-gerais-recebeu-primeiros-helicopteros-h145-cinco-pas-publicos-do-pais-para-emergencias-medicas\/helicoptero3\/\" data-orig-file=\"https:\/\/i0.wp.com\/www.tvuai.com.br\/portal\/wp-content\/uploads\/2024\/12\/helicoptero3.jpg?fit=1500%2C843&amp;ssl=1\" data-orig-size=\"1500,843\" data-comments-opened=\"0\" data-image-meta=\"{&quot;aperture&quot;:&quot;0&quot;,&quot;credit&quot;:&quot;&quot;,&quot;camera&quot;:&quot;&quot;,&quot;caption&quot;:&quot;&quot;,&quot;created_timestamp&quot;:&quot;0&quot;,&quot;copyright&quot;:&quot;&quot;,&quot;focal_length&quot;:&quot;0&quot;,&quot;iso&quot;:&quot;0&quot;,&quot;shutter_speed&quot;:&quot;0&quot;,&quot;title&quot;:&quot;&quot;,&quot;orientation&quot;:&quot;1&quot;}\" data-image-title=\"helicoptero3\" data-image-description=\"\" data-image-caption=\"\" data-medium-file=\"https:\/\/i0.wp.com\/www.tvuai.com.br\/portal\/wp-content\/uploads\/2024\/12\/helicoptero3.jpg?fit=300%2C169&amp;ssl=1\" data-large-file=\"https:\/\/i0.wp.com\/www.tvuai.com.br\/portal\/wp-content\/uploads\/2024\/12\/helicoptero3.jpg?fit=640%2C359&amp;ssl=1\" tabindex=\"0\" role=\"button\" class=\"size-medium wp-image-10313 alignright\" src=\"https:\/\/i0.wp.com\/www.tvuai.com.br\/portal\/wp-content\/uploads\/2024\/12\/helicoptero3.jpg?resize=300%2C169&#038;ssl=1\" alt=\"\" width=\"300\" height=\"169\" srcset=\"https:\/\/i0.wp.com\/www.tvuai.com.br\/portal\/wp-content\/uploads\/2024\/12\/helicoptero3.jpg?resize=300%2C169&amp;ssl=1 300w, https:\/\/i0.wp.com\/www.tvuai.com.br\/portal\/wp-content\/uploads\/2024\/12\/helicoptero3.jpg?resize=1024%2C575&amp;ssl=1 1024w, https:\/\/i0.wp.com\/www.tvuai.com.br\/portal\/wp-content\/uploads\/2024\/12\/helicoptero3.jpg?resize=768%2C432&amp;ssl=1 768w, https:\/\/i0.wp.com\/www.tvuai.com.br\/portal\/wp-content\/uploads\/2024\/12\/helicoptero3.jpg?w=1500&amp;ssl=1 1500w, https:\/\/i0.wp.com\/www.tvuai.com.br\/portal\/wp-content\/uploads\/2024\/12\/helicoptero3.jpg?w=1280&amp;ssl=1 1280w\" sizes=\"(max-width: 300px) 100vw, 300px\" \/>A configura\u00e7\u00e3o do H145 HEMS inclui cilindros de oxig\u00eanio, ventilador pulmonar, bombas de infus\u00e3o, cardiodesfibrilador com monitor multiparam\u00e9trico, macas para adultos e crian\u00e7as e incubadora para transporte neonatal. A customiza\u00e7\u00e3o e instala\u00e7\u00e3o dos equipamentos HEMS final foram feitas na f\u00e1brica da Helibras em Itajub\u00e1, no sul de Minas Gerais. A empresa brasileira \u00e9 a \u00fanica fabricante de helic\u00f3pteros do Hemisf\u00e9rio Sul e \u00e9 fornecedora de oito em cada dez helic\u00f3pteros que atuam em servi\u00e7os p\u00fablicos no Brasil.<\/p>\n<p>&#8220;Os helic\u00f3pteros s\u00e3o fundamentais para salvar vidas e temos visto diversos exemplos de opera\u00e7\u00f5es deste tipo realizadas com sucesso. Na maioria das vezes, quando acontecem cat\u00e1strofes naturais, o helic\u00f3ptero \u00e9 o \u00fanico meio para acessar os locais dos sinistros e prestar apoio \u00e0s popula\u00e7\u00f5es. Parabenizamos a Secretaria de Estado de Sa\u00fade Minas Gerais e o CBMMG pela aquisi\u00e7\u00e3o desses helic\u00f3pteros de \u00faltima gera\u00e7\u00e3o para prestar apoio a popula\u00e7\u00e3o&#8221;, afirma Alberto Duek, presidente da Helibras.<\/p>\n<p><img data-recalc-dims=\"1\" decoding=\"async\" data-attachment-id=\"10312\" data-permalink=\"https:\/\/www.tvuai.com.br\/portal\/minas-gerais-recebeu-primeiros-helicopteros-h145-cinco-pas-publicos-do-pais-para-emergencias-medicas\/helicoptero2\/\" data-orig-file=\"https:\/\/i0.wp.com\/www.tvuai.com.br\/portal\/wp-content\/uploads\/2024\/12\/helicoptero2.jpg?fit=1500%2C675&amp;ssl=1\" data-orig-size=\"1500,675\" data-comments-opened=\"0\" data-image-meta=\"{&quot;aperture&quot;:&quot;0&quot;,&quot;credit&quot;:&quot;&quot;,&quot;camera&quot;:&quot;&quot;,&quot;caption&quot;:&quot;&quot;,&quot;created_timestamp&quot;:&quot;0&quot;,&quot;copyright&quot;:&quot;&quot;,&quot;focal_length&quot;:&quot;0&quot;,&quot;iso&quot;:&quot;0&quot;,&quot;shutter_speed&quot;:&quot;0&quot;,&quot;title&quot;:&quot;&quot;,&quot;orientation&quot;:&quot;0&quot;}\" data-image-title=\"helicoptero2\" data-image-description=\"\" data-image-caption=\"\" data-medium-file=\"https:\/\/i0.wp.com\/www.tvuai.com.br\/portal\/wp-content\/uploads\/2024\/12\/helicoptero2.jpg?fit=300%2C135&amp;ssl=1\" data-large-file=\"https:\/\/i0.wp.com\/www.tvuai.com.br\/portal\/wp-content\/uploads\/2024\/12\/helicoptero2.jpg?fit=640%2C288&amp;ssl=1\" tabindex=\"0\" role=\"button\" class=\"size-medium wp-image-10312 alignleft\" src=\"https:\/\/i0.wp.com\/www.tvuai.com.br\/portal\/wp-content\/uploads\/2024\/12\/helicoptero2.jpg?resize=300%2C135&#038;ssl=1\" alt=\"\" width=\"300\" height=\"135\" srcset=\"https:\/\/i0.wp.com\/www.tvuai.com.br\/portal\/wp-content\/uploads\/2024\/12\/helicoptero2.jpg?resize=300%2C135&amp;ssl=1 300w, https:\/\/i0.wp.com\/www.tvuai.com.br\/portal\/wp-content\/uploads\/2024\/12\/helicoptero2.jpg?resize=1024%2C461&amp;ssl=1 1024w, https:\/\/i0.wp.com\/www.tvuai.com.br\/portal\/wp-content\/uploads\/2024\/12\/helicoptero2.jpg?resize=768%2C346&amp;ssl=1 768w, https:\/\/i0.wp.com\/www.tvuai.com.br\/portal\/wp-content\/uploads\/2024\/12\/helicoptero2.jpg?w=1500&amp;ssl=1 1500w, https:\/\/i0.wp.com\/www.tvuai.com.br\/portal\/wp-content\/uploads\/2024\/12\/helicoptero2.jpg?w=1280&amp;ssl=1 1280w\" sizes=\"(max-width: 300px) 100vw, 300px\" \/>O H145 \u00e9 sucesso mundial em diversos segmentos, gra\u00e7as a grande versatilidade e capacidade multifun\u00e7\u00e3o. Sua mais recente vers\u00e3o com cinco p\u00e1s oferece um adicional de 150 kg para transporte de carga, al\u00e9m de baixos n\u00edveis de vibra\u00e7\u00e3o, fatores essenciais nas opera\u00e7\u00f5es aerom\u00e9dicas. O desenho do rotor principal do H145, sem rolamentos, facilita a manuten\u00e7\u00e3o e garante maior conforto em voo. A vers\u00e3o HEMS conta com equipamentos para tratamento intensivo e permite mais agilidade no transporte inter-hospitalar. O H145 \u00e9 o mais silencioso e apresenta a mais baixa emiss\u00e3o de CO2 de sua categoria.<\/p>\n<p>Atualmente, a frota mundial da fam\u00edlia H145 j\u00e1 ultrapassa duas mil aeronaves entregues e oito milh\u00f5es de horas de voo.<\/p>\n\n<div style=\"font-size: 0px; height: 0px; line-height: 0px; margin: 0; padding: 0; clear: both;\"><\/div><div class='share-to-whatsapp-wrapper'><div class='share-on-whsp'>Share on: <\/div><a data-text='Minas Gerais recebeu primeiros helic\u00f3pteros H145 cinco p\u00e1s p\u00fablicos do pa\u00eds para emerg\u00eancias m\u00e9dicas' data-link='https:\/\/www.tvuai.com.br\/portal\/minas-gerais-recebeu-primeiros-helicopteros-h145-cinco-pas-publicos-do-pais-para-emergencias-medicas\/' class='whatsapp-button whatsapp-share'>WhatsApp<\/a><div class='clear '><\/div><\/div><!-- AddThis Advanced Settings generic via filter on the_content --><!-- AddThis Share Buttons generic via filter on the_content -->","protected":false},"excerpt":{"rendered":"<p>O Corpo de Bombeiros Militar de Minas Gerais (CBMMG) recebeu na \u00faltima quinta-feira, 12, dois H145, configurados para Servi\u00e7o Aerom\u00e9dico de Emerg\u00eancia de Helic\u00f3pteros (HEMS, na sigla em ingl\u00eas). Os helic\u00f3pteros, adquiridos pela pela Secretaria de Estado de Sa\u00fade de Minas Gerais, ser\u00e3o operados pelo Batalh\u00e3o de Opera\u00e7\u00f5es A\u00e9reas (BOA), a servi\u00e7o do Suporte A\u00e9reo [&hellip;]<!-- AddThis Advanced Settings generic via filter on get_the_excerpt --><!-- AddThis Share Buttons generic via filter on get_the_excerpt --><\/p>\n","protected":false},"author":1,"featured_media":10311,"comment_status":"closed","ping_status":"closed","sticky":false,"template":"","format":"standard","meta":{"jetpack_post_was_ever_published":false,"_jetpack_newsletter_access":"","_jetpack_dont_email_post_to_subs":false,"_jetpack_newsletter_tier_id":0,"_jetpack_memberships_contains_paywalled_content":false,"_jetpack_memberships_contains_paid_content":false,"_joinchat":[],"footnotes":"","jetpack_publicize_message":"","jetpack_publicize_feature_enabled":true,"jetpack_social_post_already_shared":true,"jetpack_social_options":{"image_generator_settings":{"template":"highway","enabled":false},"version":2}},"categories":[1642,19,1876],"tags":[4383,4380,4376,4377,4382,991,184,37,4379,4378,39,4381,27,2759,2760,1618,1638],"class_list":["post-10276","post","type-post","status-publish","format-standard","has-post-thumbnail","hentry","category-tecnologia","category-noticias","category-saude","tag-alberto-duek","tag-batalhao-de-operacoes-aereas-boa","tag-corpo-de-bombeiros-militar-de-minas-gerais-cbmmg","tag-h145","tag-helibras","tag-itajuba","tag-minas-gerais","tag-pouso-alegre","tag-secretaria-de-estado-de-saude-de-minas-gerais","tag-servico-aeromedico-de-emergencia-de-helicopteros-hems","tag-sul-de-minas","tag-suporte-aereo-avancado-de-vida-saav","tag-tv-uai","tag-tv-uai-24-anos","tag-tv-uai-24-anos-com-voce","tag-tv-uai-pouso-alegre","tag-tvuai"],"jetpack_publicize_connections":[],"yoast_head":"<!-- This site is optimized with the Yoast SEO plugin v23.5 - https:\/\/yoast.com\/wordpress\/plugins\/seo\/ -->\n<title>Minas Gerais recebeu primeiros helic\u00f3pteros H145 cinco p\u00e1s p\u00fablicos do pa\u00eds para emerg\u00eancias m\u00e9dicas - TVUAI<\/title>\n<meta name=\"robots\" content=\"index, follow, max-snippet:-1, max-image-preview:large, max-video-preview:-1\" \/>\n<link rel=\"canonical\" href=\"https:\/\/www.tvuai.com.br\/portal\/minas-gerais-recebeu-primeiros-helicopteros-h145-cinco-pas-publicos-do-pais-para-emergencias-medicas\/\" \/>\n<meta property=\"og:locale\" content=\"pt_BR\" \/>\n<meta property=\"og:type\" content=\"article\" \/>\n<meta property=\"og:title\" content=\"Minas Gerais recebeu primeiros helic\u00f3pteros H145 cinco p\u00e1s p\u00fablicos do pa\u00eds para emerg\u00eancias m\u00e9dicas - TVUAI\" \/>\n<meta property=\"og:description\" content=\"O Corpo de Bombeiros Militar de Minas Gerais (CBMMG) recebeu na \u00faltima quinta-feira, 12, dois H145, configurados para Servi\u00e7o Aerom\u00e9dico de Emerg\u00eancia de Helic\u00f3pteros (HEMS, na sigla em ingl\u00eas). Os helic\u00f3pteros, adquiridos pela pela Secretaria de Estado de Sa\u00fade de Minas Gerais, ser\u00e3o operados pelo Batalh\u00e3o de Opera\u00e7\u00f5es A\u00e9reas (BOA), a servi\u00e7o do Suporte A\u00e9reo [&hellip;]\" \/>\n<meta property=\"og:url\" content=\"https:\/\/www.tvuai.com.br\/portal\/minas-gerais-recebeu-primeiros-helicopteros-h145-cinco-pas-publicos-do-pais-para-emergencias-medicas\/\" \/>\n<meta property=\"og:site_name\" content=\"TVUAI\" \/>\n<meta property=\"article:publisher\" content=\"http:\/\/www.facebook.com\/pages\/TV-Uai-Comunica%c3%a7%c3%a3o\/139062546157369\" \/>\n<meta property=\"article:published_time\" content=\"2024-12-13T18:19:02+00:00\" \/>\n<meta property=\"article:modified_time\" content=\"2024-12-17T14:26:24+00:00\" \/>\n<meta property=\"og:image\" content=\"https:\/\/www.tvuai.com.br\/portal\/wp-content\/uploads\/2024\/12\/helicoptero0-1.jpg\" \/>\n\t<meta property=\"og:image:width\" content=\"200\" \/>\n\t<meta property=\"og:image:height\" content=\"200\" \/>\n\t<meta property=\"og:image:type\" content=\"image\/jpeg\" \/>\n<meta name=\"author\" content=\"tvuai\" \/>\n<meta name=\"twitter:card\" content=\"summary_large_image\" \/>\n<meta name=\"twitter:creator\" content=\"@tvuai\" \/>\n<meta name=\"twitter:site\" content=\"@tvuai\" \/>\n<meta name=\"twitter:label1\" content=\"Escrito por\" \/>\n\t<meta name=\"twitter:data1\" content=\"tvuai\" \/>\n\t<meta name=\"twitter:label2\" content=\"Est. tempo de leitura\" \/>\n\t<meta name=\"twitter:data2\" content=\"3 minutos\" \/>\n<script type=\"application\/ld+json\" class=\"yoast-schema-graph\">{\"@context\":\"https:\/\/schema.org\",\"@graph\":[{\"@type\":\"Article\",\"@id\":\"https:\/\/www.tvuai.com.br\/portal\/minas-gerais-recebeu-primeiros-helicopteros-h145-cinco-pas-publicos-do-pais-para-emergencias-medicas\/#article\",\"isPartOf\":{\"@id\":\"https:\/\/www.tvuai.com.br\/portal\/minas-gerais-recebeu-primeiros-helicopteros-h145-cinco-pas-publicos-do-pais-para-emergencias-medicas\/\"},\"author\":{\"name\":\"tvuai\",\"@id\":\"https:\/\/www.tvuai.com.br\/portal\/#\/schema\/person\/245e50e9127451fd0b7fd76f519ebbfe\"},\"headline\":\"Minas Gerais recebeu primeiros helic\u00f3pteros H145 cinco p\u00e1s p\u00fablicos do pa\u00eds para emerg\u00eancias m\u00e9dicas\",\"datePublished\":\"2024-12-13T18:19:02+00:00\",\"dateModified\":\"2024-12-17T14:26:24+00:00\",\"mainEntityOfPage\":{\"@id\":\"https:\/\/www.tvuai.com.br\/portal\/minas-gerais-recebeu-primeiros-helicopteros-h145-cinco-pas-publicos-do-pais-para-emergencias-medicas\/\"},\"wordCount\":417,\"publisher\":{\"@id\":\"https:\/\/www.tvuai.com.br\/portal\/#organization\"},\"image\":{\"@id\":\"https:\/\/www.tvuai.com.br\/portal\/minas-gerais-recebeu-primeiros-helicopteros-h145-cinco-pas-publicos-do-pais-para-emergencias-medicas\/#primaryimage\"},\"thumbnailUrl\":\"https:\/\/i0.wp.com\/www.tvuai.com.br\/portal\/wp-content\/uploads\/2024\/12\/helicoptero0-1.jpg?fit=200%2C200&ssl=1\",\"keywords\":[\"Alberto Duek\",\"Batalh\u00e3o de Opera\u00e7\u00f5es A\u00e9reas (BOA)\",\"Corpo de Bombeiros Militar de Minas Gerais (CBMMG)\",\"H145\",\"Helibras\",\"Itajub\u00e1\",\"Minas Gerais\",\"Pouso Alegre\",\"Secretaria de Estado de Sa\u00fade de Minas Gerais\",\"Servi\u00e7o Aerom\u00e9dico de Emerg\u00eancia de Helic\u00f3pteros (HEMS\",\"Sul de Minas\",\"Suporte A\u00e9reo Avan\u00e7ado de Vida (SAAV)\",\"TV Uai\",\"TV UAI 24 anos\",\"TV UAI 24 anos com voc\u00ea\",\"TV UAI Pouso Alegre\",\"tvuai\"],\"articleSection\":[\"Ci\u00eancia e Tecnologia\",\"Not\u00edcias\",\"Sa\u00fade\"],\"inLanguage\":\"pt-BR\"},{\"@type\":\"WebPage\",\"@id\":\"https:\/\/www.tvuai.com.br\/portal\/minas-gerais-recebeu-primeiros-helicopteros-h145-cinco-pas-publicos-do-pais-para-emergencias-medicas\/\",\"url\":\"https:\/\/www.tvuai.com.br\/portal\/minas-gerais-recebeu-primeiros-helicopteros-h145-cinco-pas-publicos-do-pais-para-emergencias-medicas\/\",\"name\":\"Minas Gerais recebeu primeiros helic\u00f3pteros H145 cinco p\u00e1s p\u00fablicos do pa\u00eds para emerg\u00eancias m\u00e9dicas - TVUAI\",\"isPartOf\":{\"@id\":\"https:\/\/www.tvuai.com.br\/portal\/#website\"},\"primaryImageOfPage\":{\"@id\":\"https:\/\/www.tvuai.com.br\/portal\/minas-gerais-recebeu-primeiros-helicopteros-h145-cinco-pas-publicos-do-pais-para-emergencias-medicas\/#primaryimage\"},\"image\":{\"@id\":\"https:\/\/www.tvuai.com.br\/portal\/minas-gerais-recebeu-primeiros-helicopteros-h145-cinco-pas-publicos-do-pais-para-emergencias-medicas\/#primaryimage\"},\"thumbnailUrl\":\"https:\/\/i0.wp.com\/www.tvuai.com.br\/portal\/wp-content\/uploads\/2024\/12\/helicoptero0-1.jpg?fit=200%2C200&ssl=1\",\"datePublished\":\"2024-12-13T18:19:02+00:00\",\"dateModified\":\"2024-12-17T14:26:24+00:00\",\"breadcrumb\":{\"@id\":\"https:\/\/www.tvuai.com.br\/portal\/minas-gerais-recebeu-primeiros-helicopteros-h145-cinco-pas-publicos-do-pais-para-emergencias-medicas\/#breadcrumb\"},\"inLanguage\":\"pt-BR\",\"potentialAction\":[{\"@type\":\"ReadAction\",\"target\":[\"https:\/\/www.tvuai.com.br\/portal\/minas-gerais-recebeu-primeiros-helicopteros-h145-cinco-pas-publicos-do-pais-para-emergencias-medicas\/\"]}]},{\"@type\":\"ImageObject\",\"inLanguage\":\"pt-BR\",\"@id\":\"https:\/\/www.tvuai.com.br\/portal\/minas-gerais-recebeu-primeiros-helicopteros-h145-cinco-pas-publicos-do-pais-para-emergencias-medicas\/#primaryimage\",\"url\":\"https:\/\/i0.wp.com\/www.tvuai.com.br\/portal\/wp-content\/uploads\/2024\/12\/helicoptero0-1.jpg?fit=200%2C200&ssl=1\",\"contentUrl\":\"https:\/\/i0.wp.com\/www.tvuai.com.br\/portal\/wp-content\/uploads\/2024\/12\/helicoptero0-1.jpg?fit=200%2C200&ssl=1\",\"width\":200,\"height\":200},{\"@type\":\"BreadcrumbList\",\"@id\":\"https:\/\/www.tvuai.com.br\/portal\/minas-gerais-recebeu-primeiros-helicopteros-h145-cinco-pas-publicos-do-pais-para-emergencias-medicas\/#breadcrumb\",\"itemListElement\":[{\"@type\":\"ListItem\",\"position\":1,\"name\":\"In\u00edcio\",\"item\":\"https:\/\/www.tvuai.com.br\/portal\/\"},{\"@type\":\"ListItem\",\"position\":2,\"name\":\"Minas Gerais recebeu primeiros helic\u00f3pteros H145 cinco p\u00e1s p\u00fablicos do pa\u00eds para emerg\u00eancias m\u00e9dicas\"}]},{\"@type\":\"WebSite\",\"@id\":\"https:\/\/www.tvuai.com.br\/portal\/#website\",\"url\":\"https:\/\/www.tvuai.com.br\/portal\/\",\"name\":\"TVUAI\",\"description\":\"Tudo sobre o Sul de Minas\",\"publisher\":{\"@id\":\"https:\/\/www.tvuai.com.br\/portal\/#organization\"},\"potentialAction\":[{\"@type\":\"SearchAction\",\"target\":{\"@type\":\"EntryPoint\",\"urlTemplate\":\"https:\/\/www.tvuai.com.br\/portal\/?s={search_term_string}\"},\"query-input\":{\"@type\":\"PropertyValueSpecification\",\"valueRequired\":true,\"valueName\":\"search_term_string\"}}],\"inLanguage\":\"pt-BR\"},{\"@type\":\"Organization\",\"@id\":\"https:\/\/www.tvuai.com.br\/portal\/#organization\",\"name\":\"TVUAI\",\"url\":\"https:\/\/www.tvuai.com.br\/portal\/\",\"logo\":{\"@type\":\"ImageObject\",\"inLanguage\":\"pt-BR\",\"@id\":\"https:\/\/www.tvuai.com.br\/portal\/#\/schema\/logo\/image\/\",\"url\":\"https:\/\/i0.wp.com\/www.tvuai.com.br\/portal\/wp-content\/uploads\/2017\/12\/logo_tvuai_100H.png?fit=207%2C100&ssl=1\",\"contentUrl\":\"https:\/\/i0.wp.com\/www.tvuai.com.br\/portal\/wp-content\/uploads\/2017\/12\/logo_tvuai_100H.png?fit=207%2C100&ssl=1\",\"width\":207,\"height\":100,\"caption\":\"TVUAI\"},\"image\":{\"@id\":\"https:\/\/www.tvuai.com.br\/portal\/#\/schema\/logo\/image\/\"},\"sameAs\":[\"http:\/\/www.facebook.com\/pages\/TV-Uai-Comunica\u00e7\u00e3o\/139062546157369\",\"https:\/\/x.com\/tvuai\",\"https:\/\/www.instagram.com\/tvuai_network\/\",\"https:\/\/www.youtube.com\/channel\/UCB7ZPB3wRv-OpoZ_09jmnkQ\"]},{\"@type\":\"Person\",\"@id\":\"https:\/\/www.tvuai.com.br\/portal\/#\/schema\/person\/245e50e9127451fd0b7fd76f519ebbfe\",\"name\":\"tvuai\",\"url\":\"https:\/\/www.tvuai.com.br\/portal\/author\/tvuai\/\"}]}<\/script>\n<!-- \/ Yoast SEO plugin. -->","yoast_head_json":{"title":"Minas Gerais recebeu primeiros helic\u00f3pteros H145 cinco p\u00e1s p\u00fablicos do pa\u00eds para emerg\u00eancias m\u00e9dicas - TVUAI","robots":{"index":"index","follow":"follow","max-snippet":"max-snippet:-1","max-image-preview":"max-image-preview:large","max-video-preview":"max-video-preview:-1"},"canonical":"https:\/\/www.tvuai.com.br\/portal\/minas-gerais-recebeu-primeiros-helicopteros-h145-cinco-pas-publicos-do-pais-para-emergencias-medicas\/","og_locale":"pt_BR","og_type":"article","og_title":"Minas Gerais recebeu primeiros helic\u00f3pteros H145 cinco p\u00e1s p\u00fablicos do pa\u00eds para emerg\u00eancias m\u00e9dicas - TVUAI","og_description":"O Corpo de Bombeiros Militar de Minas Gerais (CBMMG) recebeu na \u00faltima quinta-feira, 12, dois H145, configurados para Servi\u00e7o Aerom\u00e9dico de Emerg\u00eancia de Helic\u00f3pteros (HEMS, na sigla em ingl\u00eas). Os helic\u00f3pteros, adquiridos pela pela Secretaria de Estado de Sa\u00fade de Minas Gerais, ser\u00e3o operados pelo Batalh\u00e3o de Opera\u00e7\u00f5es A\u00e9reas (BOA), a servi\u00e7o do Suporte A\u00e9reo [&hellip;]","og_url":"https:\/\/www.tvuai.com.br\/portal\/minas-gerais-recebeu-primeiros-helicopteros-h145-cinco-pas-publicos-do-pais-para-emergencias-medicas\/","og_site_name":"TVUAI","article_publisher":"http:\/\/www.facebook.com\/pages\/TV-Uai-Comunica%c3%a7%c3%a3o\/139062546157369","article_published_time":"2024-12-13T18:19:02+00:00","article_modified_time":"2024-12-17T14:26:24+00:00","og_image":[{"width":200,"height":200,"url":"https:\/\/www.tvuai.com.br\/portal\/wp-content\/uploads\/2024\/12\/helicoptero0-1.jpg","type":"image\/jpeg"}],"author":"tvuai","twitter_card":"summary_large_image","twitter_creator":"@tvuai","twitter_site":"@tvuai","twitter_misc":{"Escrito por":"tvuai","Est. tempo de leitura":"3 minutos"},"schema":{"@context":"https:\/\/schema.org","@graph":[{"@type":"Article","@id":"https:\/\/www.tvuai.com.br\/portal\/minas-gerais-recebeu-primeiros-helicopteros-h145-cinco-pas-publicos-do-pais-para-emergencias-medicas\/#article","isPartOf":{"@id":"https:\/\/www.tvuai.com.br\/portal\/minas-gerais-recebeu-primeiros-helicopteros-h145-cinco-pas-publicos-do-pais-para-emergencias-medicas\/"},"author":{"name":"tvuai","@id":"https:\/\/www.tvuai.com.br\/portal\/#\/schema\/person\/245e50e9127451fd0b7fd76f519ebbfe"},"headline":"Minas Gerais recebeu primeiros helic\u00f3pteros H145 cinco p\u00e1s p\u00fablicos do pa\u00eds para emerg\u00eancias m\u00e9dicas","datePublished":"2024-12-13T18:19:02+00:00","dateModified":"2024-12-17T14:26:24+00:00","mainEntityOfPage":{"@id":"https:\/\/www.tvuai.com.br\/portal\/minas-gerais-recebeu-primeiros-helicopteros-h145-cinco-pas-publicos-do-pais-para-emergencias-medicas\/"},"wordCount":417,"publisher":{"@id":"https:\/\/www.tvuai.com.br\/portal\/#organization"},"image":{"@id":"https:\/\/www.tvuai.com.br\/portal\/minas-gerais-recebeu-primeiros-helicopteros-h145-cinco-pas-publicos-do-pais-para-emergencias-medicas\/#primaryimage"},"thumbnailUrl":"https:\/\/i0.wp.com\/www.tvuai.com.br\/portal\/wp-content\/uploads\/2024\/12\/helicoptero0-1.jpg?fit=200%2C200&ssl=1","keywords":["Alberto Duek","Batalh\u00e3o de Opera\u00e7\u00f5es A\u00e9reas (BOA)","Corpo de Bombeiros Militar de Minas Gerais (CBMMG)","H145","Helibras","Itajub\u00e1","Minas Gerais","Pouso Alegre","Secretaria de Estado de Sa\u00fade de Minas Gerais","Servi\u00e7o Aerom\u00e9dico de Emerg\u00eancia de Helic\u00f3pteros (HEMS","Sul de Minas","Suporte A\u00e9reo Avan\u00e7ado de Vida (SAAV)","TV Uai","TV UAI 24 anos","TV UAI 24 anos com voc\u00ea","TV UAI Pouso Alegre","tvuai"],"articleSection":["Ci\u00eancia e Tecnologia","Not\u00edcias","Sa\u00fade"],"inLanguage":"pt-BR"},{"@type":"WebPage","@id":"https:\/\/www.tvuai.com.br\/portal\/minas-gerais-recebeu-primeiros-helicopteros-h145-cinco-pas-publicos-do-pais-para-emergencias-medicas\/","url":"https:\/\/www.tvuai.com.br\/portal\/minas-gerais-recebeu-primeiros-helicopteros-h145-cinco-pas-publicos-do-pais-para-emergencias-medicas\/","name":"Minas Gerais recebeu primeiros helic\u00f3pteros H145 cinco p\u00e1s p\u00fablicos do pa\u00eds para emerg\u00eancias m\u00e9dicas - TVUAI","isPartOf":{"@id":"https:\/\/www.tvuai.com.br\/portal\/#website"},"primaryImageOfPage":{"@id":"https:\/\/www.tvuai.com.br\/portal\/minas-gerais-recebeu-primeiros-helicopteros-h145-cinco-pas-publicos-do-pais-para-emergencias-medicas\/#primaryimage"},"image":{"@id":"https:\/\/www.tvuai.com.br\/portal\/minas-gerais-recebeu-primeiros-helicopteros-h145-cinco-pas-publicos-do-pais-para-emergencias-medicas\/#primaryimage"},"thumbnailUrl":"https:\/\/i0.wp.com\/www.tvuai.com.br\/portal\/wp-content\/uploads\/2024\/12\/helicoptero0-1.jpg?fit=200%2C200&ssl=1","datePublished":"2024-12-13T18:19:02+00:00","dateModified":"2024-12-17T14:26:24+00:00","breadcrumb":{"@id":"https:\/\/www.tvuai.com.br\/portal\/minas-gerais-recebeu-primeiros-helicopteros-h145-cinco-pas-publicos-do-pais-para-emergencias-medicas\/#breadcrumb"},"inLanguage":"pt-BR","potentialAction":[{"@type":"ReadAction","target":["https:\/\/www.tvuai.com.br\/portal\/minas-gerais-recebeu-primeiros-helicopteros-h145-cinco-pas-publicos-do-pais-para-emergencias-medicas\/"]}]},{"@type":"ImageObject","inLanguage":"pt-BR","@id":"https:\/\/www.tvuai.com.br\/portal\/minas-gerais-recebeu-primeiros-helicopteros-h145-cinco-pas-publicos-do-pais-para-emergencias-medicas\/#primaryimage","url":"https:\/\/i0.wp.com\/www.tvuai.com.br\/portal\/wp-content\/uploads\/2024\/12\/helicoptero0-1.jpg?fit=200%2C200&ssl=1","contentUrl":"https:\/\/i0.wp.com\/www.tvuai.com.br\/portal\/wp-content\/uploads\/2024\/12\/helicoptero0-1.jpg?fit=200%2C200&ssl=1","width":200,"height":200},{"@type":"BreadcrumbList","@id":"https:\/\/www.tvuai.com.br\/portal\/minas-gerais-recebeu-primeiros-helicopteros-h145-cinco-pas-publicos-do-pais-para-emergencias-medicas\/#breadcrumb","itemListElement":[{"@type":"ListItem","position":1,"name":"In\u00edcio","item":"https:\/\/www.tvuai.com.br\/portal\/"},{"@type":"ListItem","position":2,"name":"Minas Gerais recebeu primeiros helic\u00f3pteros H145 cinco p\u00e1s p\u00fablicos do pa\u00eds para emerg\u00eancias m\u00e9dicas"}]},{"@type":"WebSite","@id":"https:\/\/www.tvuai.com.br\/portal\/#website","url":"https:\/\/www.tvuai.com.br\/portal\/","name":"TVUAI","description":"Tudo sobre o Sul de Minas","publisher":{"@id":"https:\/\/www.tvuai.com.br\/portal\/#organization"},"potentialAction":[{"@type":"SearchAction","target":{"@type":"EntryPoint","urlTemplate":"https:\/\/www.tvuai.com.br\/portal\/?s={search_term_string}"},"query-input":{"@type":"PropertyValueSpecification","valueRequired":true,"valueName":"search_term_string"}}],"inLanguage":"pt-BR"},{"@type":"Organization","@id":"https:\/\/www.tvuai.com.br\/portal\/#organization","name":"TVUAI","url":"https:\/\/www.tvuai.com.br\/portal\/","logo":{"@type":"ImageObject","inLanguage":"pt-BR","@id":"https:\/\/www.tvuai.com.br\/portal\/#\/schema\/logo\/image\/","url":"https:\/\/i0.wp.com\/www.tvuai.com.br\/portal\/wp-content\/uploads\/2017\/12\/logo_tvuai_100H.png?fit=207%2C100&ssl=1","contentUrl":"https:\/\/i0.wp.com\/www.tvuai.com.br\/portal\/wp-content\/uploads\/2017\/12\/logo_tvuai_100H.png?fit=207%2C100&ssl=1","width":207,"height":100,"caption":"TVUAI"},"image":{"@id":"https:\/\/www.tvuai.com.br\/portal\/#\/schema\/logo\/image\/"},"sameAs":["http:\/\/www.facebook.com\/pages\/TV-Uai-Comunica\u00e7\u00e3o\/139062546157369","https:\/\/x.com\/tvuai","https:\/\/www.instagram.com\/tvuai_network\/","https:\/\/www.youtube.com\/channel\/UCB7ZPB3wRv-OpoZ_09jmnkQ"]},{"@type":"Person","@id":"https:\/\/www.tvuai.com.br\/portal\/#\/schema\/person\/245e50e9127451fd0b7fd76f519ebbfe","name":"tvuai","url":"https:\/\/www.tvuai.com.br\/portal\/author\/tvuai\/"}]}},"jetpack_featured_media_url":"https:\/\/i0.wp.com\/www.tvuai.com.br\/portal\/wp-content\/uploads\/2024\/12\/helicoptero0-1.jpg?fit=200%2C200&ssl=1","wpmagazine_modules_lite_featured_media_urls":{"thumbnail":["https:\/\/i0.wp.com\/www.tvuai.com.br\/portal\/wp-content\/uploads\/2024\/12\/helicoptero0-1.jpg?resize=150%2C150&ssl=1",150,150,true],"cvmm-medium":["https:\/\/i0.wp.com\/www.tvuai.com.br\/portal\/wp-content\/uploads\/2024\/12\/helicoptero0-1.jpg?resize=200%2C200&ssl=1",200,200,true],"cvmm-medium-plus":["https:\/\/i0.wp.com\/www.tvuai.com.br\/portal\/wp-content\/uploads\/2024\/12\/helicoptero0-1.jpg?resize=200%2C200&ssl=1",200,200,true],"cvmm-portrait":["https:\/\/i0.wp.com\/www.tvuai.com.br\/portal\/wp-content\/uploads\/2024\/12\/helicoptero0-1.jpg?resize=200%2C200&ssl=1",200,200,true],"cvmm-medium-square":["https:\/\/i0.wp.com\/www.tvuai.com.br\/portal\/wp-content\/uploads\/2024\/12\/helicoptero0-1.jpg?resize=200%2C200&ssl=1",200,200,true],"cvmm-large":["https:\/\/i0.wp.com\/www.tvuai.com.br\/portal\/wp-content\/uploads\/2024\/12\/helicoptero0-1.jpg?resize=200%2C200&ssl=1",200,200,true],"cvmm-small":["https:\/\/i0.wp.com\/www.tvuai.com.br\/portal\/wp-content\/uploads\/2024\/12\/helicoptero0-1.jpg?resize=130%2C95&ssl=1",130,95,true],"full":["https:\/\/i0.wp.com\/www.tvuai.com.br\/portal\/wp-content\/uploads\/2024\/12\/helicoptero0-1.jpg?fit=200%2C200&ssl=1",200,200,false]},"categories_names":{"1642":{"name":"Ci\u00eancia e Tecnologia","link":"https:\/\/www.tvuai.com.br\/portal\/category\/tecnologia\/"},"19":{"name":"Not\u00edcias","link":"https:\/\/www.tvuai.com.br\/portal\/category\/noticias\/"},"1876":{"name":"Sa\u00fade","link":"https:\/\/www.tvuai.com.br\/portal\/category\/saude\/"}},"tags_names":{"4383":{"name":"Alberto Duek","link":"https:\/\/www.tvuai.com.br\/portal\/tag\/alberto-duek\/"},"4380":{"name":"Batalh\u00e3o de Opera\u00e7\u00f5es A\u00e9reas (BOA)","link":"https:\/\/www.tvuai.com.br\/portal\/tag\/batalhao-de-operacoes-aereas-boa\/"},"4376":{"name":"Corpo de Bombeiros Militar de Minas Gerais (CBMMG)","link":"https:\/\/www.tvuai.com.br\/portal\/tag\/corpo-de-bombeiros-militar-de-minas-gerais-cbmmg\/"},"4377":{"name":"H145","link":"https:\/\/www.tvuai.com.br\/portal\/tag\/h145\/"},"4382":{"name":"Helibras","link":"https:\/\/www.tvuai.com.br\/portal\/tag\/helibras\/"},"991":{"name":"Itajub\u00e1","link":"https:\/\/www.tvuai.com.br\/portal\/tag\/itajuba\/"},"184":{"name":"Minas Gerais","link":"https:\/\/www.tvuai.com.br\/portal\/tag\/minas-gerais\/"},"37":{"name":"Pouso Alegre","link":"https:\/\/www.tvuai.com.br\/portal\/tag\/pouso-alegre\/"},"4379":{"name":"Secretaria de Estado de Sa\u00fade de Minas Gerais","link":"https:\/\/www.tvuai.com.br\/portal\/tag\/secretaria-de-estado-de-saude-de-minas-gerais\/"},"4378":{"name":"Servi\u00e7o Aerom\u00e9dico de Emerg\u00eancia de Helic\u00f3pteros (HEMS","link":"https:\/\/www.tvuai.com.br\/portal\/tag\/servico-aeromedico-de-emergencia-de-helicopteros-hems\/"},"39":{"name":"Sul de Minas","link":"https:\/\/www.tvuai.com.br\/portal\/tag\/sul-de-minas\/"},"4381":{"name":"Suporte A\u00e9reo Avan\u00e7ado de Vida (SAAV)","link":"https:\/\/www.tvuai.com.br\/portal\/tag\/suporte-aereo-avancado-de-vida-saav\/"},"27":{"name":"TV Uai","link":"https:\/\/www.tvuai.com.br\/portal\/tag\/tv-uai\/"},"2759":{"name":"TV UAI 24 anos","link":"https:\/\/www.tvuai.com.br\/portal\/tag\/tv-uai-24-anos\/"},"2760":{"name":"TV UAI 24 anos com voc\u00ea","link":"https:\/\/www.tvuai.com.br\/portal\/tag\/tv-uai-24-anos-com-voce\/"},"1618":{"name":"TV UAI Pouso Alegre","link":"https:\/\/www.tvuai.com.br\/portal\/tag\/tv-uai-pouso-alegre\/"},"1638":{"name":"tvuai","link":"https:\/\/www.tvuai.com.br\/portal\/tag\/tvuai\/"}},"comments_number":"0","jetpack_shortlink":"https:\/\/wp.me\/p9woix-2FK","jetpack_sharing_enabled":true,"_links":{"self":[{"href":"https:\/\/www.tvuai.com.br\/portal\/wp-json\/wp\/v2\/posts\/10276"}],"collection":[{"href":"https:\/\/www.tvuai.com.br\/portal\/wp-json\/wp\/v2\/posts"}],"about":[{"href":"https:\/\/www.tvuai.com.br\/portal\/wp-json\/wp\/v2\/types\/post"}],"author":[{"embeddable":true,"href":"https:\/\/www.tvuai.com.br\/portal\/wp-json\/wp\/v2\/users\/1"}],"replies":[{"embeddable":true,"href":"https:\/\/www.tvuai.com.br\/portal\/wp-json\/wp\/v2\/comments?post=10276"}],"version-history":[{"count":3,"href":"https:\/\/www.tvuai.com.br\/portal\/wp-json\/wp\/v2\/posts\/10276\/revisions"}],"predecessor-version":[{"id":10314,"href":"https:\/\/www.tvuai.com.br\/portal\/wp-json\/wp\/v2\/posts\/10276\/revisions\/10314"}],"wp:featuredmedia":[{"embeddable":true,"href":"https:\/\/www.tvuai.com.br\/portal\/wp-json\/wp\/v2\/media\/10311"}],"wp:attachment":[{"href":"https:\/\/www.tvuai.com.br\/portal\/wp-json\/wp\/v2\/media?parent=10276"}],"wp:term":[{"taxonomy":"category","embeddable":true,"href":"https:\/\/www.tvuai.com.br\/portal\/wp-json\/wp\/v2\/categories?post=10276"},{"taxonomy":"post_tag","embeddable":true,"href":"https:\/\/www.tvuai.com.br\/portal\/wp-json\/wp\/v2\/tags?post=10276"}],"curies":[{"name":"wp","href":"https:\/\/api.w.org\/{rel}","templated":true}]}}