{"id":10183,"date":"2024-12-06T09:54:38","date_gmt":"2024-12-06T12:54:38","guid":{"rendered":"https:\/\/www.tvuai.com.br\/portal\/?p=10183"},"modified":"2024-12-16T11:37:22","modified_gmt":"2024-12-16T14:37:22","slug":"santa-rita-do-sapucai-rumo-ao-reconhecimento-mundial-na-producao-de-eletronicos","status":"publish","type":"post","link":"https:\/\/www.tvuai.com.br\/portal\/santa-rita-do-sapucai-rumo-ao-reconhecimento-mundial-na-producao-de-eletronicos\/","title":{"rendered":"Santa Rita do Sapuca\u00ed rumo ao reconhecimento mundial na produ\u00e7\u00e3o de eletr\u00f4nicos"},"content":{"rendered":"<div class=\"5a1038e0903b96d426fcfcc338703013\" data-index=\"1\" style=\"float: right; margin:10px 0 10px 10px;\">\n<script async src=\"https:\/\/pagead2.googlesyndication.com\/pagead\/js\/adsbygoogle.js?client=ca-pub-9945944833605257\"\r\n     crossorigin=\"anonymous\"><\/script>\r\n<ins class=\"adsbygoogle\"\r\n     style=\"display:block; text-align:center;\"\r\n     data-ad-layout=\"in-article\"\r\n     data-ad-format=\"fluid\"\r\n     data-ad-client=\"ca-pub-9945944833605257\"\r\n     data-ad-slot=\"2343923581\"><\/ins>\r\n<script>\r\n     (adsbygoogle = window.adsbygoogle || []).push({});\r\n<\/script>\n<\/div>\n<div class=\"flex-shrink-0 flex flex-col relative items-end\">\n<div class=\"pt-0\">\n<div class=\"gizmo-bot-avatar flex h-8 w-8 items-center justify-center overflow-hidden rounded-full\">\n<h5 class=\"relative p-1 rounded-sm flex items-center justify-center bg-token-main-surface-primary text-token-text-primary h-8 w-8\" style=\"text-align: center;\"><em><img data-recalc-dims=\"1\" fetchpriority=\"high\" decoding=\"async\" data-attachment-id=\"10191\" data-permalink=\"https:\/\/www.tvuai.com.br\/portal\/santa-rita-do-sapucai-rumo-ao-reconhecimento-mundial-na-producao-de-eletronicos\/comendasrs5\/\" data-orig-file=\"https:\/\/i0.wp.com\/www.tvuai.com.br\/portal\/wp-content\/uploads\/2024\/12\/comendasrs5.jpg?fit=1200%2C799&amp;ssl=1\" data-orig-size=\"1200,799\" data-comments-opened=\"0\" data-image-meta=\"{&quot;aperture&quot;:&quot;0&quot;,&quot;credit&quot;:&quot;&quot;,&quot;camera&quot;:&quot;&quot;,&quot;caption&quot;:&quot;&quot;,&quot;created_timestamp&quot;:&quot;1732910363&quot;,&quot;copyright&quot;:&quot;&quot;,&quot;focal_length&quot;:&quot;0&quot;,&quot;iso&quot;:&quot;0&quot;,&quot;shutter_speed&quot;:&quot;0&quot;,&quot;title&quot;:&quot;&quot;,&quot;orientation&quot;:&quot;0&quot;}\" data-image-title=\"comendasrs5\" data-image-description=\"\" data-image-caption=\"\" data-medium-file=\"https:\/\/i0.wp.com\/www.tvuai.com.br\/portal\/wp-content\/uploads\/2024\/12\/comendasrs5.jpg?fit=300%2C200&amp;ssl=1\" data-large-file=\"https:\/\/i0.wp.com\/www.tvuai.com.br\/portal\/wp-content\/uploads\/2024\/12\/comendasrs5.jpg?fit=640%2C426&amp;ssl=1\" tabindex=\"0\" role=\"button\" class=\"size-medium wp-image-10191 aligncenter\" src=\"https:\/\/i0.wp.com\/www.tvuai.com.br\/portal\/wp-content\/uploads\/2024\/12\/comendasrs5.jpg?resize=300%2C200&#038;ssl=1\" alt=\"\" width=\"300\" height=\"200\" srcset=\"https:\/\/i0.wp.com\/www.tvuai.com.br\/portal\/wp-content\/uploads\/2024\/12\/comendasrs5.jpg?resize=300%2C200&amp;ssl=1 300w, https:\/\/i0.wp.com\/www.tvuai.com.br\/portal\/wp-content\/uploads\/2024\/12\/comendasrs5.jpg?resize=1024%2C682&amp;ssl=1 1024w, https:\/\/i0.wp.com\/www.tvuai.com.br\/portal\/wp-content\/uploads\/2024\/12\/comendasrs5.jpg?resize=768%2C511&amp;ssl=1 768w, https:\/\/i0.wp.com\/www.tvuai.com.br\/portal\/wp-content\/uploads\/2024\/12\/comendasrs5.jpg?w=1200&amp;ssl=1 1200w\" sizes=\"(max-width: 300px) 100vw, 300px\" \/>Santa Rita do Sapuca\u00ed recebe reconhecimento estadual<\/em><br \/>\n<em>e d\u00e1 passo importante para obten\u00e7\u00e3o da Indica\u00e7\u00e3o de Proced\u00eancia pelo INPI<\/em><\/h5>\n<\/div>\n<\/div>\n<\/div>\n<div class=\"group\/conversation-turn relative flex w-full min-w-0 flex-col agent-turn\">\n<div class=\"flex-col gap-1 md:gap-3\">\n<div class=\"flex max-w-full flex-col flex-grow\">\n<div class=\"min-h-8 text-message flex w-full flex-col items-end gap-2 whitespace-normal break-words text-start [.text-message+&amp;]:mt-5\" dir=\"auto\" data-message-author-role=\"assistant\" data-message-id=\"b019b813-93f8-4884-a550-37c0584811bf\" data-message-model-slug=\"gpt-4o\">\n<div class=\"flex w-full flex-col gap-1 empty:hidden first:pt-[3px]\">\n<div class=\"markdown prose w-full break-words dark:prose-invert light\">\n<p><img data-recalc-dims=\"1\" decoding=\"async\" data-attachment-id=\"10188\" data-permalink=\"https:\/\/www.tvuai.com.br\/portal\/santa-rita-do-sapucai-rumo-ao-reconhecimento-mundial-na-producao-de-eletronicos\/comendasrs2\/\" data-orig-file=\"https:\/\/i0.wp.com\/www.tvuai.com.br\/portal\/wp-content\/uploads\/2024\/12\/comendasrs2.jpg?fit=500%2C750&amp;ssl=1\" data-orig-size=\"500,750\" data-comments-opened=\"0\" data-image-meta=\"{&quot;aperture&quot;:&quot;0&quot;,&quot;credit&quot;:&quot;&quot;,&quot;camera&quot;:&quot;&quot;,&quot;caption&quot;:&quot;&quot;,&quot;created_timestamp&quot;:&quot;1732909691&quot;,&quot;copyright&quot;:&quot;&quot;,&quot;focal_length&quot;:&quot;0&quot;,&quot;iso&quot;:&quot;0&quot;,&quot;shutter_speed&quot;:&quot;0&quot;,&quot;title&quot;:&quot;&quot;,&quot;orientation&quot;:&quot;0&quot;}\" data-image-title=\"comendasrs2\" data-image-description=\"\" data-image-caption=\"\" data-medium-file=\"https:\/\/i0.wp.com\/www.tvuai.com.br\/portal\/wp-content\/uploads\/2024\/12\/comendasrs2.jpg?fit=200%2C300&amp;ssl=1\" data-large-file=\"https:\/\/i0.wp.com\/www.tvuai.com.br\/portal\/wp-content\/uploads\/2024\/12\/comendasrs2.jpg?fit=500%2C750&amp;ssl=1\" tabindex=\"0\" role=\"button\" class=\"size-medium wp-image-10188 alignright\" src=\"https:\/\/i0.wp.com\/www.tvuai.com.br\/portal\/wp-content\/uploads\/2024\/12\/comendasrs2.jpg?resize=200%2C300&#038;ssl=1\" alt=\"\" width=\"200\" height=\"300\" srcset=\"https:\/\/i0.wp.com\/www.tvuai.com.br\/portal\/wp-content\/uploads\/2024\/12\/comendasrs2.jpg?resize=200%2C300&amp;ssl=1 200w, https:\/\/i0.wp.com\/www.tvuai.com.br\/portal\/wp-content\/uploads\/2024\/12\/comendasrs2.jpg?resize=400%2C600&amp;ssl=1 400w, https:\/\/i0.wp.com\/www.tvuai.com.br\/portal\/wp-content\/uploads\/2024\/12\/comendasrs2.jpg?w=500&amp;ssl=1 500w\" sizes=\"(max-width: 200px) 100vw, 200px\" \/>Santa Rita do Sapuca\u00ed, conhecida como Vale da Eletr\u00f4nica, est\u00e1 mais pr\u00f3xima de alcan\u00e7ar um marco hist\u00f3rico: a certifica\u00e7\u00e3o de Indica\u00e7\u00e3o de Proced\u00eancia (IP) para seus produtos eletr\u00f4nicos. O avan\u00e7o foi anunciado pelo subsecret\u00e1rio estadual de Liberdade Econ\u00f4mica, Rodrigo Sampaio Melo, na \u00faltima sexta-feira, 29, durante a 14\u00aa edi\u00e7\u00e3o da Comenda Sinh\u00e1 Moreira, evento promovido pelo Sindicato das Ind\u00fastrias de Aparelhos El\u00e9tricos, Eletr\u00f4nicos e Similares (SINDVEL).<\/p>\n<p>Durante a cerim\u00f4nia, Melo entregou oficialmente uma nota t\u00e9cnica da Secretaria de Desenvolvimento Econ\u00f4mico de Minas Gerais, reconhecendo a qualidade e a proced\u00eancia dos produtos eletr\u00f4nicos fabricados na cidade. Segundo o subsecret\u00e1rio, a certifica\u00e7\u00e3o \u00e9 fundamental para consolidar a reputa\u00e7\u00e3o de Santa Rita no mercado nacional e internacional. \u201cQuem adquire um eletr\u00f4nico de Santa Rita do Sapuca\u00ed pode ter a certeza de que est\u00e1 comprando um produto de qualidade reconhecida\u201d, destacou.<\/p>\n<h3 style=\"text-align: center;\"><strong>Processo de certifica\u00e7\u00e3o segue para o INPI<\/strong><\/h3>\n<p><img data-recalc-dims=\"1\" decoding=\"async\" data-attachment-id=\"10192\" data-permalink=\"https:\/\/www.tvuai.com.br\/portal\/santa-rita-do-sapucai-rumo-ao-reconhecimento-mundial-na-producao-de-eletronicos\/comendasrs6\/\" data-orig-file=\"https:\/\/i0.wp.com\/www.tvuai.com.br\/portal\/wp-content\/uploads\/2024\/12\/comendasrs6.jpg?fit=1200%2C799&amp;ssl=1\" data-orig-size=\"1200,799\" data-comments-opened=\"0\" data-image-meta=\"{&quot;aperture&quot;:&quot;0&quot;,&quot;credit&quot;:&quot;&quot;,&quot;camera&quot;:&quot;&quot;,&quot;caption&quot;:&quot;&quot;,&quot;created_timestamp&quot;:&quot;1732905249&quot;,&quot;copyright&quot;:&quot;&quot;,&quot;focal_length&quot;:&quot;0&quot;,&quot;iso&quot;:&quot;0&quot;,&quot;shutter_speed&quot;:&quot;0&quot;,&quot;title&quot;:&quot;&quot;,&quot;orientation&quot;:&quot;0&quot;}\" data-image-title=\"comendasrs6\" data-image-description=\"\" data-image-caption=\"\" data-medium-file=\"https:\/\/i0.wp.com\/www.tvuai.com.br\/portal\/wp-content\/uploads\/2024\/12\/comendasrs6.jpg?fit=300%2C200&amp;ssl=1\" data-large-file=\"https:\/\/i0.wp.com\/www.tvuai.com.br\/portal\/wp-content\/uploads\/2024\/12\/comendasrs6.jpg?fit=640%2C426&amp;ssl=1\" tabindex=\"0\" role=\"button\" class=\"size-medium wp-image-10192 alignleft\" src=\"https:\/\/i0.wp.com\/www.tvuai.com.br\/portal\/wp-content\/uploads\/2024\/12\/comendasrs6.jpg?resize=300%2C200&#038;ssl=1\" alt=\"\" width=\"300\" height=\"200\" srcset=\"https:\/\/i0.wp.com\/www.tvuai.com.br\/portal\/wp-content\/uploads\/2024\/12\/comendasrs6.jpg?resize=300%2C200&amp;ssl=1 300w, https:\/\/i0.wp.com\/www.tvuai.com.br\/portal\/wp-content\/uploads\/2024\/12\/comendasrs6.jpg?resize=1024%2C682&amp;ssl=1 1024w, https:\/\/i0.wp.com\/www.tvuai.com.br\/portal\/wp-content\/uploads\/2024\/12\/comendasrs6.jpg?resize=768%2C511&amp;ssl=1 768w, https:\/\/i0.wp.com\/www.tvuai.com.br\/portal\/wp-content\/uploads\/2024\/12\/comendasrs6.jpg?w=1200&amp;ssl=1 1200w\" sizes=\"(max-width: 300px) 100vw, 300px\" \/>A Indica\u00e7\u00e3o de Proced\u00eancia \u00e9 uma certifica\u00e7\u00e3o que atesta a origem de um produto ou servi\u00e7o, conferindo-lhe um selo de qualidade baseado em tradi\u00e7\u00e3o e reputa\u00e7\u00e3o do local de produ\u00e7\u00e3o. O processo, iniciado h\u00e1 dois anos pelo SINDVEL em parceria com o Sebrae e a FIEMG, j\u00e1 superou a etapa estadual e agora segue para an\u00e1lise do Instituto Nacional de Propriedade Industrial (INPI).<\/p>\n<p>De acordo com Melo, a certifica\u00e7\u00e3o exige crit\u00e9rios t\u00e9cnicos rigorosos e documenta\u00e7\u00e3o detalhada para atender \u00e0s normas legais. Ele ressaltou que o reconhecimento da proced\u00eancia \u00e9 especialmente valioso para a expans\u00e3o de mercados internacionais. \u201cEsse selo formaliza o que j\u00e1 sabemos: a excel\u00eancia do setor eletr\u00f4nico de Santa Rita \u00e9 reconhecida mundialmente\u201d, afirmou.<\/p>\n<h3 style=\"text-align: center;\"><strong>Comenda Sinh\u00e1 Moreira celebra inova\u00e7\u00e3o e legado<\/strong><\/h3>\n<p><img data-recalc-dims=\"1\" loading=\"lazy\" decoding=\"async\" data-attachment-id=\"10190\" data-permalink=\"https:\/\/www.tvuai.com.br\/portal\/santa-rita-do-sapucai-rumo-ao-reconhecimento-mundial-na-producao-de-eletronicos\/comendasrs4\/\" data-orig-file=\"https:\/\/i0.wp.com\/www.tvuai.com.br\/portal\/wp-content\/uploads\/2024\/12\/comendasrs4.jpg?fit=1200%2C799&amp;ssl=1\" data-orig-size=\"1200,799\" data-comments-opened=\"0\" data-image-meta=\"{&quot;aperture&quot;:&quot;0&quot;,&quot;credit&quot;:&quot;&quot;,&quot;camera&quot;:&quot;&quot;,&quot;caption&quot;:&quot;&quot;,&quot;created_timestamp&quot;:&quot;1732908737&quot;,&quot;copyright&quot;:&quot;&quot;,&quot;focal_length&quot;:&quot;0&quot;,&quot;iso&quot;:&quot;0&quot;,&quot;shutter_speed&quot;:&quot;0&quot;,&quot;title&quot;:&quot;&quot;,&quot;orientation&quot;:&quot;0&quot;}\" data-image-title=\"comendasrs4\" data-image-description=\"\" data-image-caption=\"\" data-medium-file=\"https:\/\/i0.wp.com\/www.tvuai.com.br\/portal\/wp-content\/uploads\/2024\/12\/comendasrs4.jpg?fit=300%2C200&amp;ssl=1\" data-large-file=\"https:\/\/i0.wp.com\/www.tvuai.com.br\/portal\/wp-content\/uploads\/2024\/12\/comendasrs4.jpg?fit=640%2C426&amp;ssl=1\" tabindex=\"0\" role=\"button\" class=\"size-medium wp-image-10190 alignright\" src=\"https:\/\/i0.wp.com\/www.tvuai.com.br\/portal\/wp-content\/uploads\/2024\/12\/comendasrs4.jpg?resize=300%2C200&#038;ssl=1\" alt=\"\" width=\"300\" height=\"200\" srcset=\"https:\/\/i0.wp.com\/www.tvuai.com.br\/portal\/wp-content\/uploads\/2024\/12\/comendasrs4.jpg?resize=300%2C200&amp;ssl=1 300w, https:\/\/i0.wp.com\/www.tvuai.com.br\/portal\/wp-content\/uploads\/2024\/12\/comendasrs4.jpg?resize=1024%2C682&amp;ssl=1 1024w, https:\/\/i0.wp.com\/www.tvuai.com.br\/portal\/wp-content\/uploads\/2024\/12\/comendasrs4.jpg?resize=768%2C511&amp;ssl=1 768w, https:\/\/i0.wp.com\/www.tvuai.com.br\/portal\/wp-content\/uploads\/2024\/12\/comendasrs4.jpg?w=1200&amp;ssl=1 1200w\" sizes=\"(max-width: 300px) 100vw, 300px\" \/>O an\u00fancio foi feito durante a entrega da Comenda Sinh\u00e1 Moreira, realizada no audit\u00f3rio da Incubadora de Empresas Municipal. A honraria, criada em 2011, premia iniciativas de inova\u00e7\u00e3o tecnol\u00f3gica, gera\u00e7\u00e3o de empregos e preserva\u00e7\u00e3o do legado de Luzia Renn\u00f3 Moreira, a vision\u00e1ria Sinh\u00e1 Moreira, respons\u00e1vel por impulsionar o desenvolvimento tecnol\u00f3gico e educacional da cidade.<\/p>\n<p><img data-recalc-dims=\"1\" loading=\"lazy\" decoding=\"async\" data-attachment-id=\"10189\" data-permalink=\"https:\/\/www.tvuai.com.br\/portal\/santa-rita-do-sapucai-rumo-ao-reconhecimento-mundial-na-producao-de-eletronicos\/comendasrs3\/\" data-orig-file=\"https:\/\/i0.wp.com\/www.tvuai.com.br\/portal\/wp-content\/uploads\/2024\/12\/comendasrs3.jpg?fit=500%2C750&amp;ssl=1\" data-orig-size=\"500,750\" data-comments-opened=\"0\" data-image-meta=\"{&quot;aperture&quot;:&quot;0&quot;,&quot;credit&quot;:&quot;&quot;,&quot;camera&quot;:&quot;&quot;,&quot;caption&quot;:&quot;&quot;,&quot;created_timestamp&quot;:&quot;1732908299&quot;,&quot;copyright&quot;:&quot;&quot;,&quot;focal_length&quot;:&quot;0&quot;,&quot;iso&quot;:&quot;0&quot;,&quot;shutter_speed&quot;:&quot;0&quot;,&quot;title&quot;:&quot;&quot;,&quot;orientation&quot;:&quot;0&quot;}\" data-image-title=\"comendasrs3\" data-image-description=\"\" data-image-caption=\"\" data-medium-file=\"https:\/\/i0.wp.com\/www.tvuai.com.br\/portal\/wp-content\/uploads\/2024\/12\/comendasrs3.jpg?fit=200%2C300&amp;ssl=1\" data-large-file=\"https:\/\/i0.wp.com\/www.tvuai.com.br\/portal\/wp-content\/uploads\/2024\/12\/comendasrs3.jpg?fit=500%2C750&amp;ssl=1\" tabindex=\"0\" role=\"button\" class=\"size-medium wp-image-10189 alignleft\" src=\"https:\/\/i0.wp.com\/www.tvuai.com.br\/portal\/wp-content\/uploads\/2024\/12\/comendasrs3.jpg?resize=200%2C300&#038;ssl=1\" alt=\"\" width=\"200\" height=\"300\" srcset=\"https:\/\/i0.wp.com\/www.tvuai.com.br\/portal\/wp-content\/uploads\/2024\/12\/comendasrs3.jpg?resize=200%2C300&amp;ssl=1 200w, https:\/\/i0.wp.com\/www.tvuai.com.br\/portal\/wp-content\/uploads\/2024\/12\/comendasrs3.jpg?resize=400%2C600&amp;ssl=1 400w, https:\/\/i0.wp.com\/www.tvuai.com.br\/portal\/wp-content\/uploads\/2024\/12\/comendasrs3.jpg?w=500&amp;ssl=1 500w\" sizes=\"(max-width: 200px) 100vw, 200px\" \/>Entre os premiados deste ano, destacaram-se:<\/p>\n<ul>\n<li><strong>Ind\u00fastria Inovadora<\/strong>: Fractum Equipamentos Eletr\u00f4nicos, com um coletor de dados multicanal IoT que j\u00e1 monitora barragens em risco no Brasil.<\/li>\n<li><strong>Gera\u00e7\u00e3o de Empregos<\/strong>: Intelbras, que ampliou sua for\u00e7a de trabalho em 28%, alcan\u00e7ando 443 colaboradores.<\/li>\n<\/ul>\n<p><img data-recalc-dims=\"1\" loading=\"lazy\" decoding=\"async\" data-attachment-id=\"10187\" data-permalink=\"https:\/\/www.tvuai.com.br\/portal\/santa-rita-do-sapucai-rumo-ao-reconhecimento-mundial-na-producao-de-eletronicos\/comendasrs1\/\" data-orig-file=\"https:\/\/i0.wp.com\/www.tvuai.com.br\/portal\/wp-content\/uploads\/2024\/12\/comendasrs1.jpg?fit=1200%2C799&amp;ssl=1\" data-orig-size=\"1200,799\" data-comments-opened=\"0\" data-image-meta=\"{&quot;aperture&quot;:&quot;0&quot;,&quot;credit&quot;:&quot;&quot;,&quot;camera&quot;:&quot;&quot;,&quot;caption&quot;:&quot;&quot;,&quot;created_timestamp&quot;:&quot;1732911318&quot;,&quot;copyright&quot;:&quot;&quot;,&quot;focal_length&quot;:&quot;0&quot;,&quot;iso&quot;:&quot;0&quot;,&quot;shutter_speed&quot;:&quot;0&quot;,&quot;title&quot;:&quot;&quot;,&quot;orientation&quot;:&quot;0&quot;}\" data-image-title=\"comendasrs1\" data-image-description=\"\" data-image-caption=\"\" data-medium-file=\"https:\/\/i0.wp.com\/www.tvuai.com.br\/portal\/wp-content\/uploads\/2024\/12\/comendasrs1.jpg?fit=300%2C200&amp;ssl=1\" data-large-file=\"https:\/\/i0.wp.com\/www.tvuai.com.br\/portal\/wp-content\/uploads\/2024\/12\/comendasrs1.jpg?fit=640%2C426&amp;ssl=1\" tabindex=\"0\" role=\"button\" class=\"size-medium wp-image-10187 alignright\" src=\"https:\/\/i0.wp.com\/www.tvuai.com.br\/portal\/wp-content\/uploads\/2024\/12\/comendasrs1.jpg?resize=300%2C200&#038;ssl=1\" alt=\"\" width=\"300\" height=\"200\" srcset=\"https:\/\/i0.wp.com\/www.tvuai.com.br\/portal\/wp-content\/uploads\/2024\/12\/comendasrs1.jpg?resize=300%2C200&amp;ssl=1 300w, https:\/\/i0.wp.com\/www.tvuai.com.br\/portal\/wp-content\/uploads\/2024\/12\/comendasrs1.jpg?resize=1024%2C682&amp;ssl=1 1024w, https:\/\/i0.wp.com\/www.tvuai.com.br\/portal\/wp-content\/uploads\/2024\/12\/comendasrs1.jpg?resize=768%2C511&amp;ssl=1 768w, https:\/\/i0.wp.com\/www.tvuai.com.br\/portal\/wp-content\/uploads\/2024\/12\/comendasrs1.jpg?w=1200&amp;ssl=1 1200w\" sizes=\"(max-width: 300px) 100vw, 300px\" \/>Al\u00e9m disso, alunos da rede p\u00fablica foram premiados em um concurso de reda\u00e7\u00e3o sobre a hist\u00f3ria de Sinh\u00e1 Moreira, fortalecendo a conex\u00e3o das novas gera\u00e7\u00f5es com o legado da pioneira.<\/p>\n<h3 style=\"text-align: center;\"><strong>Reconhecimento internacional e impacto local<\/strong><\/h3>\n<p>O presidente do SINDVEL, Roberto de Souza Pinto, celebrou o avan\u00e7o do processo de certifica\u00e7\u00e3o e destacou o impacto positivo da Indica\u00e7\u00e3o de Proced\u00eancia. \u201cEsse reconhecimento posicionar\u00e1 Santa Rita como refer\u00eancia mundial na produ\u00e7\u00e3o de eletr\u00f4nicos. Estamos construindo um ecossistema que \u00e9 modelo para Minas Gerais e para o Brasil\u201d, afirmou.<\/p>\n<p><img data-recalc-dims=\"1\" loading=\"lazy\" decoding=\"async\" data-attachment-id=\"10193\" data-permalink=\"https:\/\/www.tvuai.com.br\/portal\/santa-rita-do-sapucai-rumo-ao-reconhecimento-mundial-na-producao-de-eletronicos\/comendasrs7\/\" data-orig-file=\"https:\/\/i0.wp.com\/www.tvuai.com.br\/portal\/wp-content\/uploads\/2024\/12\/comendasrs7.jpg?fit=1200%2C799&amp;ssl=1\" data-orig-size=\"1200,799\" data-comments-opened=\"0\" data-image-meta=\"{&quot;aperture&quot;:&quot;0&quot;,&quot;credit&quot;:&quot;&quot;,&quot;camera&quot;:&quot;&quot;,&quot;caption&quot;:&quot;&quot;,&quot;created_timestamp&quot;:&quot;1732911642&quot;,&quot;copyright&quot;:&quot;&quot;,&quot;focal_length&quot;:&quot;0&quot;,&quot;iso&quot;:&quot;0&quot;,&quot;shutter_speed&quot;:&quot;0&quot;,&quot;title&quot;:&quot;&quot;,&quot;orientation&quot;:&quot;0&quot;}\" data-image-title=\"comendasrs7\" data-image-description=\"\" data-image-caption=\"\" data-medium-file=\"https:\/\/i0.wp.com\/www.tvuai.com.br\/portal\/wp-content\/uploads\/2024\/12\/comendasrs7.jpg?fit=300%2C200&amp;ssl=1\" data-large-file=\"https:\/\/i0.wp.com\/www.tvuai.com.br\/portal\/wp-content\/uploads\/2024\/12\/comendasrs7.jpg?fit=640%2C426&amp;ssl=1\" tabindex=\"0\" role=\"button\" class=\"size-medium wp-image-10193 alignright\" src=\"https:\/\/i0.wp.com\/www.tvuai.com.br\/portal\/wp-content\/uploads\/2024\/12\/comendasrs7.jpg?resize=300%2C200&#038;ssl=1\" alt=\"\" width=\"300\" height=\"200\" srcset=\"https:\/\/i0.wp.com\/www.tvuai.com.br\/portal\/wp-content\/uploads\/2024\/12\/comendasrs7.jpg?resize=300%2C200&amp;ssl=1 300w, https:\/\/i0.wp.com\/www.tvuai.com.br\/portal\/wp-content\/uploads\/2024\/12\/comendasrs7.jpg?resize=1024%2C682&amp;ssl=1 1024w, https:\/\/i0.wp.com\/www.tvuai.com.br\/portal\/wp-content\/uploads\/2024\/12\/comendasrs7.jpg?resize=768%2C511&amp;ssl=1 768w, https:\/\/i0.wp.com\/www.tvuai.com.br\/portal\/wp-content\/uploads\/2024\/12\/comendasrs7.jpg?w=1200&amp;ssl=1 1200w\" sizes=\"(max-width: 300px) 100vw, 300px\" \/>O prefeito de Santa Rita, Wander Wilson Chaves e o prefeito eleito, Leandro Henrique Mendes, tamb\u00e9m participaram da cerim\u00f4nia e destacaram o papel do Vale da Eletr\u00f4nica como motor de inova\u00e7\u00e3o e desenvolvimento econ\u00f4mico. Mendes adiantou que a pr\u00f3xima edi\u00e7\u00e3o da Feira Industrial do Vale da Eletr\u00f4nica (FIVEL) trar\u00e1 novidades significativas, refor\u00e7ando o protagonismo do munic\u00edpio no cen\u00e1rio tecnol\u00f3gico.<\/p>\n<p>Com a certifica\u00e7\u00e3o, Santa Rita do Sapuca\u00ed reafirma sua posi\u00e7\u00e3o como polo de excel\u00eancia no setor eletr\u00f4nico, solidificando seu legado como ber\u00e7o de inova\u00e7\u00e3o e desenvolvimento tecnol\u00f3gico.<\/p>\n<h6 style=\"text-align: right;\"><em><strong>Com informa\u00e7\u00f5es e fotos de Carla Soares<\/strong><\/em><\/h6>\n<\/div>\n<\/div>\n<\/div>\n<\/div>\n<\/div>\n<\/div>\n\n<div style=\"font-size: 0px; height: 0px; line-height: 0px; margin: 0; padding: 0; clear: both;\"><\/div><div class='share-to-whatsapp-wrapper'><div class='share-on-whsp'>Share on: <\/div><a data-text='Santa Rita do Sapuca\u00ed rumo ao reconhecimento mundial na produ\u00e7\u00e3o de eletr\u00f4nicos' data-link='https:\/\/www.tvuai.com.br\/portal\/santa-rita-do-sapucai-rumo-ao-reconhecimento-mundial-na-producao-de-eletronicos\/' class='whatsapp-button whatsapp-share'>WhatsApp<\/a><div class='clear '><\/div><\/div><!-- AddThis Advanced Settings generic via filter on the_content --><!-- AddThis Share Buttons generic via filter on the_content -->","protected":false},"excerpt":{"rendered":"<p>Santa Rita do Sapuca\u00ed recebe reconhecimento estadual e d\u00e1 passo importante para obten\u00e7\u00e3o da Indica\u00e7\u00e3o de Proced\u00eancia pelo INPI Santa Rita do Sapuca\u00ed, conhecida como Vale da Eletr\u00f4nica, est\u00e1 mais pr\u00f3xima de alcan\u00e7ar um marco hist\u00f3rico: a certifica\u00e7\u00e3o de Indica\u00e7\u00e3o de Proced\u00eancia (IP) para seus produtos eletr\u00f4nicos. O avan\u00e7o foi anunciado pelo subsecret\u00e1rio estadual de [&hellip;]<!-- AddThis Advanced Settings generic via filter on get_the_excerpt --><!-- AddThis Share Buttons generic via filter on get_the_excerpt --><\/p>\n","protected":false},"author":1,"featured_media":10186,"comment_status":"closed","ping_status":"closed","sticky":false,"template":"","format":"standard","meta":{"jetpack_post_was_ever_published":false,"_jetpack_newsletter_access":"","_jetpack_dont_email_post_to_subs":false,"_jetpack_newsletter_tier_id":0,"_jetpack_memberships_contains_paywalled_content":false,"_jetpack_memberships_contains_paid_content":false,"_joinchat":[],"footnotes":"","jetpack_publicize_message":"","jetpack_publicize_feature_enabled":true,"jetpack_social_post_already_shared":true,"jetpack_social_options":{"image_generator_settings":{"template":"highway","enabled":false},"version":2}},"categories":[1642,20,19,5],"tags":[4286,4297,4336,913,4341,184,37,53,4338,61,4340,4339,4337,39,27,2759,1618,1638,48,178],"class_list":["post-10183","post","type-post","status-publish","format-standard","has-post-thumbnail","hentry","category-tecnologia","category-entretenimento","category-noticias","category-ultimas","tag-14a-edicao-da-comenda-sinha-moreira","tag-carla-soares","tag-certificacao-de-indicacao-de-procedencia-ip","tag-governo-de-minas-gerais","tag-leandro-henrique-mendes","tag-minas-gerais","tag-pouso-alegre","tag-roberto-de-souza-pinto","tag-rodrigo-sampaio-melo","tag-santa-rita-do-sapucai","tag-secretaria-de-desenvolvimento-economico-de-minas-gerais","tag-sindicato-das-industrias-de-aparelhos-eletricos-eletronicos-e-similares-sindvel","tag-subsecretario-estadual-de-liberdade-economica","tag-sul-de-minas","tag-tv-uai","tag-tv-uai-24-anos","tag-tv-uai-pouso-alegre","tag-tvuai","tag-vale-da-eletronica","tag-wander-wilson-chaves"],"jetpack_publicize_connections":[],"yoast_head":"<!-- This site is optimized with the Yoast SEO plugin v23.5 - https:\/\/yoast.com\/wordpress\/plugins\/seo\/ -->\n<title>Santa Rita do Sapuca\u00ed rumo ao reconhecimento mundial na produ\u00e7\u00e3o de eletr\u00f4nicos - TVUAI<\/title>\n<meta name=\"robots\" content=\"index, follow, max-snippet:-1, max-image-preview:large, max-video-preview:-1\" \/>\n<link rel=\"canonical\" href=\"https:\/\/www.tvuai.com.br\/portal\/santa-rita-do-sapucai-rumo-ao-reconhecimento-mundial-na-producao-de-eletronicos\/\" \/>\n<meta property=\"og:locale\" content=\"pt_BR\" \/>\n<meta property=\"og:type\" content=\"article\" \/>\n<meta property=\"og:title\" content=\"Santa Rita do Sapuca\u00ed rumo ao reconhecimento mundial na produ\u00e7\u00e3o de eletr\u00f4nicos - TVUAI\" \/>\n<meta property=\"og:description\" content=\"Santa Rita do Sapuca\u00ed recebe reconhecimento estadual e d\u00e1 passo importante para obten\u00e7\u00e3o da Indica\u00e7\u00e3o de Proced\u00eancia pelo INPI Santa Rita do Sapuca\u00ed, conhecida como Vale da Eletr\u00f4nica, est\u00e1 mais pr\u00f3xima de alcan\u00e7ar um marco hist\u00f3rico: a certifica\u00e7\u00e3o de Indica\u00e7\u00e3o de Proced\u00eancia (IP) para seus produtos eletr\u00f4nicos. O avan\u00e7o foi anunciado pelo subsecret\u00e1rio estadual de [&hellip;]\" \/>\n<meta property=\"og:url\" content=\"https:\/\/www.tvuai.com.br\/portal\/santa-rita-do-sapucai-rumo-ao-reconhecimento-mundial-na-producao-de-eletronicos\/\" \/>\n<meta property=\"og:site_name\" content=\"TVUAI\" \/>\n<meta property=\"article:publisher\" content=\"http:\/\/www.facebook.com\/pages\/TV-Uai-Comunica%c3%a7%c3%a3o\/139062546157369\" \/>\n<meta property=\"article:published_time\" content=\"2024-12-06T12:54:38+00:00\" \/>\n<meta property=\"article:modified_time\" content=\"2024-12-16T14:37:22+00:00\" \/>\n<meta property=\"og:image\" content=\"https:\/\/www.tvuai.com.br\/portal\/wp-content\/uploads\/2024\/12\/comendasrs0.jpg\" \/>\n\t<meta property=\"og:image:width\" content=\"200\" \/>\n\t<meta property=\"og:image:height\" content=\"200\" \/>\n\t<meta property=\"og:image:type\" content=\"image\/jpeg\" \/>\n<meta name=\"author\" content=\"tvuai\" \/>\n<meta name=\"twitter:card\" content=\"summary_large_image\" \/>\n<meta name=\"twitter:creator\" content=\"@tvuai\" \/>\n<meta name=\"twitter:site\" content=\"@tvuai\" \/>\n<meta name=\"twitter:label1\" content=\"Escrito por\" \/>\n\t<meta name=\"twitter:data1\" content=\"tvuai\" \/>\n\t<meta name=\"twitter:label2\" content=\"Est. tempo de leitura\" \/>\n\t<meta name=\"twitter:data2\" content=\"5 minutos\" \/>\n<script type=\"application\/ld+json\" class=\"yoast-schema-graph\">{\"@context\":\"https:\/\/schema.org\",\"@graph\":[{\"@type\":\"Article\",\"@id\":\"https:\/\/www.tvuai.com.br\/portal\/santa-rita-do-sapucai-rumo-ao-reconhecimento-mundial-na-producao-de-eletronicos\/#article\",\"isPartOf\":{\"@id\":\"https:\/\/www.tvuai.com.br\/portal\/santa-rita-do-sapucai-rumo-ao-reconhecimento-mundial-na-producao-de-eletronicos\/\"},\"author\":{\"name\":\"tvuai\",\"@id\":\"https:\/\/www.tvuai.com.br\/portal\/#\/schema\/person\/245e50e9127451fd0b7fd76f519ebbfe\"},\"headline\":\"Santa Rita do Sapuca\u00ed rumo ao reconhecimento mundial na produ\u00e7\u00e3o de eletr\u00f4nicos\",\"datePublished\":\"2024-12-06T12:54:38+00:00\",\"dateModified\":\"2024-12-16T14:37:22+00:00\",\"mainEntityOfPage\":{\"@id\":\"https:\/\/www.tvuai.com.br\/portal\/santa-rita-do-sapucai-rumo-ao-reconhecimento-mundial-na-producao-de-eletronicos\/\"},\"wordCount\":656,\"publisher\":{\"@id\":\"https:\/\/www.tvuai.com.br\/portal\/#organization\"},\"image\":{\"@id\":\"https:\/\/www.tvuai.com.br\/portal\/santa-rita-do-sapucai-rumo-ao-reconhecimento-mundial-na-producao-de-eletronicos\/#primaryimage\"},\"thumbnailUrl\":\"https:\/\/i0.wp.com\/www.tvuai.com.br\/portal\/wp-content\/uploads\/2024\/12\/comendasrs0.jpg?fit=200%2C200&ssl=1\",\"keywords\":[\"14\u00aa edi\u00e7\u00e3o da Comenda Sinh\u00e1 Moreira\",\"Carla Soares\",\"certifica\u00e7\u00e3o de Indica\u00e7\u00e3o de Proced\u00eancia (IP)\",\"governo de Minas Gerais\",\"Leandro Henrique Mendes\",\"Minas Gerais\",\"Pouso Alegre\",\"Roberto de Souza Pinto\",\"Rodrigo Sampaio Melo\",\"Santa Rita do Sapuca\u00ed\",\"Secretaria de Desenvolvimento Econ\u00f4mico de Minas Gerais\",\"Sindicato das Ind\u00fastrias de Aparelhos El\u00e9tricos Eletr\u00f4nicos e Similares (SINDVEL).\",\"subsecret\u00e1rio estadual de Liberdade Econ\u00f4mica\",\"Sul de Minas\",\"TV Uai\",\"TV UAI 24 anos\",\"TV UAI Pouso Alegre\",\"tvuai\",\"Vale da Eletr\u00f4nica\",\"Wander Wilson Chaves\"],\"articleSection\":[\"Ci\u00eancia e Tecnologia\",\"Entretenimento\",\"Not\u00edcias\",\"\u00daltimas Not\u00edcias\"],\"inLanguage\":\"pt-BR\"},{\"@type\":\"WebPage\",\"@id\":\"https:\/\/www.tvuai.com.br\/portal\/santa-rita-do-sapucai-rumo-ao-reconhecimento-mundial-na-producao-de-eletronicos\/\",\"url\":\"https:\/\/www.tvuai.com.br\/portal\/santa-rita-do-sapucai-rumo-ao-reconhecimento-mundial-na-producao-de-eletronicos\/\",\"name\":\"Santa Rita do Sapuca\u00ed rumo ao reconhecimento mundial na produ\u00e7\u00e3o de eletr\u00f4nicos - TVUAI\",\"isPartOf\":{\"@id\":\"https:\/\/www.tvuai.com.br\/portal\/#website\"},\"primaryImageOfPage\":{\"@id\":\"https:\/\/www.tvuai.com.br\/portal\/santa-rita-do-sapucai-rumo-ao-reconhecimento-mundial-na-producao-de-eletronicos\/#primaryimage\"},\"image\":{\"@id\":\"https:\/\/www.tvuai.com.br\/portal\/santa-rita-do-sapucai-rumo-ao-reconhecimento-mundial-na-producao-de-eletronicos\/#primaryimage\"},\"thumbnailUrl\":\"https:\/\/i0.wp.com\/www.tvuai.com.br\/portal\/wp-content\/uploads\/2024\/12\/comendasrs0.jpg?fit=200%2C200&ssl=1\",\"datePublished\":\"2024-12-06T12:54:38+00:00\",\"dateModified\":\"2024-12-16T14:37:22+00:00\",\"breadcrumb\":{\"@id\":\"https:\/\/www.tvuai.com.br\/portal\/santa-rita-do-sapucai-rumo-ao-reconhecimento-mundial-na-producao-de-eletronicos\/#breadcrumb\"},\"inLanguage\":\"pt-BR\",\"potentialAction\":[{\"@type\":\"ReadAction\",\"target\":[\"https:\/\/www.tvuai.com.br\/portal\/santa-rita-do-sapucai-rumo-ao-reconhecimento-mundial-na-producao-de-eletronicos\/\"]}]},{\"@type\":\"ImageObject\",\"inLanguage\":\"pt-BR\",\"@id\":\"https:\/\/www.tvuai.com.br\/portal\/santa-rita-do-sapucai-rumo-ao-reconhecimento-mundial-na-producao-de-eletronicos\/#primaryimage\",\"url\":\"https:\/\/i0.wp.com\/www.tvuai.com.br\/portal\/wp-content\/uploads\/2024\/12\/comendasrs0.jpg?fit=200%2C200&ssl=1\",\"contentUrl\":\"https:\/\/i0.wp.com\/www.tvuai.com.br\/portal\/wp-content\/uploads\/2024\/12\/comendasrs0.jpg?fit=200%2C200&ssl=1\",\"width\":200,\"height\":200},{\"@type\":\"BreadcrumbList\",\"@id\":\"https:\/\/www.tvuai.com.br\/portal\/santa-rita-do-sapucai-rumo-ao-reconhecimento-mundial-na-producao-de-eletronicos\/#breadcrumb\",\"itemListElement\":[{\"@type\":\"ListItem\",\"position\":1,\"name\":\"In\u00edcio\",\"item\":\"https:\/\/www.tvuai.com.br\/portal\/\"},{\"@type\":\"ListItem\",\"position\":2,\"name\":\"Santa Rita do Sapuca\u00ed rumo ao reconhecimento mundial na produ\u00e7\u00e3o de eletr\u00f4nicos\"}]},{\"@type\":\"WebSite\",\"@id\":\"https:\/\/www.tvuai.com.br\/portal\/#website\",\"url\":\"https:\/\/www.tvuai.com.br\/portal\/\",\"name\":\"TVUAI\",\"description\":\"Tudo sobre o Sul de Minas\",\"publisher\":{\"@id\":\"https:\/\/www.tvuai.com.br\/portal\/#organization\"},\"potentialAction\":[{\"@type\":\"SearchAction\",\"target\":{\"@type\":\"EntryPoint\",\"urlTemplate\":\"https:\/\/www.tvuai.com.br\/portal\/?s={search_term_string}\"},\"query-input\":{\"@type\":\"PropertyValueSpecification\",\"valueRequired\":true,\"valueName\":\"search_term_string\"}}],\"inLanguage\":\"pt-BR\"},{\"@type\":\"Organization\",\"@id\":\"https:\/\/www.tvuai.com.br\/portal\/#organization\",\"name\":\"TVUAI\",\"url\":\"https:\/\/www.tvuai.com.br\/portal\/\",\"logo\":{\"@type\":\"ImageObject\",\"inLanguage\":\"pt-BR\",\"@id\":\"https:\/\/www.tvuai.com.br\/portal\/#\/schema\/logo\/image\/\",\"url\":\"https:\/\/i0.wp.com\/www.tvuai.com.br\/portal\/wp-content\/uploads\/2017\/12\/logo_tvuai_100H.png?fit=207%2C100&ssl=1\",\"contentUrl\":\"https:\/\/i0.wp.com\/www.tvuai.com.br\/portal\/wp-content\/uploads\/2017\/12\/logo_tvuai_100H.png?fit=207%2C100&ssl=1\",\"width\":207,\"height\":100,\"caption\":\"TVUAI\"},\"image\":{\"@id\":\"https:\/\/www.tvuai.com.br\/portal\/#\/schema\/logo\/image\/\"},\"sameAs\":[\"http:\/\/www.facebook.com\/pages\/TV-Uai-Comunica\u00e7\u00e3o\/139062546157369\",\"https:\/\/x.com\/tvuai\",\"https:\/\/www.instagram.com\/tvuai_network\/\",\"https:\/\/www.youtube.com\/channel\/UCB7ZPB3wRv-OpoZ_09jmnkQ\"]},{\"@type\":\"Person\",\"@id\":\"https:\/\/www.tvuai.com.br\/portal\/#\/schema\/person\/245e50e9127451fd0b7fd76f519ebbfe\",\"name\":\"tvuai\",\"url\":\"https:\/\/www.tvuai.com.br\/portal\/author\/tvuai\/\"}]}<\/script>\n<!-- \/ Yoast SEO plugin. -->","yoast_head_json":{"title":"Santa Rita do Sapuca\u00ed rumo ao reconhecimento mundial na produ\u00e7\u00e3o de eletr\u00f4nicos - TVUAI","robots":{"index":"index","follow":"follow","max-snippet":"max-snippet:-1","max-image-preview":"max-image-preview:large","max-video-preview":"max-video-preview:-1"},"canonical":"https:\/\/www.tvuai.com.br\/portal\/santa-rita-do-sapucai-rumo-ao-reconhecimento-mundial-na-producao-de-eletronicos\/","og_locale":"pt_BR","og_type":"article","og_title":"Santa Rita do Sapuca\u00ed rumo ao reconhecimento mundial na produ\u00e7\u00e3o de eletr\u00f4nicos - TVUAI","og_description":"Santa Rita do Sapuca\u00ed recebe reconhecimento estadual e d\u00e1 passo importante para obten\u00e7\u00e3o da Indica\u00e7\u00e3o de Proced\u00eancia pelo INPI Santa Rita do Sapuca\u00ed, conhecida como Vale da Eletr\u00f4nica, est\u00e1 mais pr\u00f3xima de alcan\u00e7ar um marco hist\u00f3rico: a certifica\u00e7\u00e3o de Indica\u00e7\u00e3o de Proced\u00eancia (IP) para seus produtos eletr\u00f4nicos. O avan\u00e7o foi anunciado pelo subsecret\u00e1rio estadual de [&hellip;]","og_url":"https:\/\/www.tvuai.com.br\/portal\/santa-rita-do-sapucai-rumo-ao-reconhecimento-mundial-na-producao-de-eletronicos\/","og_site_name":"TVUAI","article_publisher":"http:\/\/www.facebook.com\/pages\/TV-Uai-Comunica%c3%a7%c3%a3o\/139062546157369","article_published_time":"2024-12-06T12:54:38+00:00","article_modified_time":"2024-12-16T14:37:22+00:00","og_image":[{"width":200,"height":200,"url":"https:\/\/www.tvuai.com.br\/portal\/wp-content\/uploads\/2024\/12\/comendasrs0.jpg","type":"image\/jpeg"}],"author":"tvuai","twitter_card":"summary_large_image","twitter_creator":"@tvuai","twitter_site":"@tvuai","twitter_misc":{"Escrito por":"tvuai","Est. tempo de leitura":"5 minutos"},"schema":{"@context":"https:\/\/schema.org","@graph":[{"@type":"Article","@id":"https:\/\/www.tvuai.com.br\/portal\/santa-rita-do-sapucai-rumo-ao-reconhecimento-mundial-na-producao-de-eletronicos\/#article","isPartOf":{"@id":"https:\/\/www.tvuai.com.br\/portal\/santa-rita-do-sapucai-rumo-ao-reconhecimento-mundial-na-producao-de-eletronicos\/"},"author":{"name":"tvuai","@id":"https:\/\/www.tvuai.com.br\/portal\/#\/schema\/person\/245e50e9127451fd0b7fd76f519ebbfe"},"headline":"Santa Rita do Sapuca\u00ed rumo ao reconhecimento mundial na produ\u00e7\u00e3o de eletr\u00f4nicos","datePublished":"2024-12-06T12:54:38+00:00","dateModified":"2024-12-16T14:37:22+00:00","mainEntityOfPage":{"@id":"https:\/\/www.tvuai.com.br\/portal\/santa-rita-do-sapucai-rumo-ao-reconhecimento-mundial-na-producao-de-eletronicos\/"},"wordCount":656,"publisher":{"@id":"https:\/\/www.tvuai.com.br\/portal\/#organization"},"image":{"@id":"https:\/\/www.tvuai.com.br\/portal\/santa-rita-do-sapucai-rumo-ao-reconhecimento-mundial-na-producao-de-eletronicos\/#primaryimage"},"thumbnailUrl":"https:\/\/i0.wp.com\/www.tvuai.com.br\/portal\/wp-content\/uploads\/2024\/12\/comendasrs0.jpg?fit=200%2C200&ssl=1","keywords":["14\u00aa edi\u00e7\u00e3o da Comenda Sinh\u00e1 Moreira","Carla Soares","certifica\u00e7\u00e3o de Indica\u00e7\u00e3o de Proced\u00eancia (IP)","governo de Minas Gerais","Leandro Henrique Mendes","Minas Gerais","Pouso Alegre","Roberto de Souza Pinto","Rodrigo Sampaio Melo","Santa Rita do Sapuca\u00ed","Secretaria de Desenvolvimento Econ\u00f4mico de Minas Gerais","Sindicato das Ind\u00fastrias de Aparelhos El\u00e9tricos Eletr\u00f4nicos e Similares (SINDVEL).","subsecret\u00e1rio estadual de Liberdade Econ\u00f4mica","Sul de Minas","TV Uai","TV UAI 24 anos","TV UAI Pouso Alegre","tvuai","Vale da Eletr\u00f4nica","Wander Wilson Chaves"],"articleSection":["Ci\u00eancia e Tecnologia","Entretenimento","Not\u00edcias","\u00daltimas Not\u00edcias"],"inLanguage":"pt-BR"},{"@type":"WebPage","@id":"https:\/\/www.tvuai.com.br\/portal\/santa-rita-do-sapucai-rumo-ao-reconhecimento-mundial-na-producao-de-eletronicos\/","url":"https:\/\/www.tvuai.com.br\/portal\/santa-rita-do-sapucai-rumo-ao-reconhecimento-mundial-na-producao-de-eletronicos\/","name":"Santa Rita do Sapuca\u00ed rumo ao reconhecimento mundial na produ\u00e7\u00e3o de eletr\u00f4nicos - TVUAI","isPartOf":{"@id":"https:\/\/www.tvuai.com.br\/portal\/#website"},"primaryImageOfPage":{"@id":"https:\/\/www.tvuai.com.br\/portal\/santa-rita-do-sapucai-rumo-ao-reconhecimento-mundial-na-producao-de-eletronicos\/#primaryimage"},"image":{"@id":"https:\/\/www.tvuai.com.br\/portal\/santa-rita-do-sapucai-rumo-ao-reconhecimento-mundial-na-producao-de-eletronicos\/#primaryimage"},"thumbnailUrl":"https:\/\/i0.wp.com\/www.tvuai.com.br\/portal\/wp-content\/uploads\/2024\/12\/comendasrs0.jpg?fit=200%2C200&ssl=1","datePublished":"2024-12-06T12:54:38+00:00","dateModified":"2024-12-16T14:37:22+00:00","breadcrumb":{"@id":"https:\/\/www.tvuai.com.br\/portal\/santa-rita-do-sapucai-rumo-ao-reconhecimento-mundial-na-producao-de-eletronicos\/#breadcrumb"},"inLanguage":"pt-BR","potentialAction":[{"@type":"ReadAction","target":["https:\/\/www.tvuai.com.br\/portal\/santa-rita-do-sapucai-rumo-ao-reconhecimento-mundial-na-producao-de-eletronicos\/"]}]},{"@type":"ImageObject","inLanguage":"pt-BR","@id":"https:\/\/www.tvuai.com.br\/portal\/santa-rita-do-sapucai-rumo-ao-reconhecimento-mundial-na-producao-de-eletronicos\/#primaryimage","url":"https:\/\/i0.wp.com\/www.tvuai.com.br\/portal\/wp-content\/uploads\/2024\/12\/comendasrs0.jpg?fit=200%2C200&ssl=1","contentUrl":"https:\/\/i0.wp.com\/www.tvuai.com.br\/portal\/wp-content\/uploads\/2024\/12\/comendasrs0.jpg?fit=200%2C200&ssl=1","width":200,"height":200},{"@type":"BreadcrumbList","@id":"https:\/\/www.tvuai.com.br\/portal\/santa-rita-do-sapucai-rumo-ao-reconhecimento-mundial-na-producao-de-eletronicos\/#breadcrumb","itemListElement":[{"@type":"ListItem","position":1,"name":"In\u00edcio","item":"https:\/\/www.tvuai.com.br\/portal\/"},{"@type":"ListItem","position":2,"name":"Santa Rita do Sapuca\u00ed rumo ao reconhecimento mundial na produ\u00e7\u00e3o de eletr\u00f4nicos"}]},{"@type":"WebSite","@id":"https:\/\/www.tvuai.com.br\/portal\/#website","url":"https:\/\/www.tvuai.com.br\/portal\/","name":"TVUAI","description":"Tudo sobre o Sul de Minas","publisher":{"@id":"https:\/\/www.tvuai.com.br\/portal\/#organization"},"potentialAction":[{"@type":"SearchAction","target":{"@type":"EntryPoint","urlTemplate":"https:\/\/www.tvuai.com.br\/portal\/?s={search_term_string}"},"query-input":{"@type":"PropertyValueSpecification","valueRequired":true,"valueName":"search_term_string"}}],"inLanguage":"pt-BR"},{"@type":"Organization","@id":"https:\/\/www.tvuai.com.br\/portal\/#organization","name":"TVUAI","url":"https:\/\/www.tvuai.com.br\/portal\/","logo":{"@type":"ImageObject","inLanguage":"pt-BR","@id":"https:\/\/www.tvuai.com.br\/portal\/#\/schema\/logo\/image\/","url":"https:\/\/i0.wp.com\/www.tvuai.com.br\/portal\/wp-content\/uploads\/2017\/12\/logo_tvuai_100H.png?fit=207%2C100&ssl=1","contentUrl":"https:\/\/i0.wp.com\/www.tvuai.com.br\/portal\/wp-content\/uploads\/2017\/12\/logo_tvuai_100H.png?fit=207%2C100&ssl=1","width":207,"height":100,"caption":"TVUAI"},"image":{"@id":"https:\/\/www.tvuai.com.br\/portal\/#\/schema\/logo\/image\/"},"sameAs":["http:\/\/www.facebook.com\/pages\/TV-Uai-Comunica\u00e7\u00e3o\/139062546157369","https:\/\/x.com\/tvuai","https:\/\/www.instagram.com\/tvuai_network\/","https:\/\/www.youtube.com\/channel\/UCB7ZPB3wRv-OpoZ_09jmnkQ"]},{"@type":"Person","@id":"https:\/\/www.tvuai.com.br\/portal\/#\/schema\/person\/245e50e9127451fd0b7fd76f519ebbfe","name":"tvuai","url":"https:\/\/www.tvuai.com.br\/portal\/author\/tvuai\/"}]}},"jetpack_featured_media_url":"https:\/\/i0.wp.com\/www.tvuai.com.br\/portal\/wp-content\/uploads\/2024\/12\/comendasrs0.jpg?fit=200%2C200&ssl=1","wpmagazine_modules_lite_featured_media_urls":{"thumbnail":["https:\/\/i0.wp.com\/www.tvuai.com.br\/portal\/wp-content\/uploads\/2024\/12\/comendasrs0.jpg?resize=150%2C150&ssl=1",150,150,true],"cvmm-medium":["https:\/\/i0.wp.com\/www.tvuai.com.br\/portal\/wp-content\/uploads\/2024\/12\/comendasrs0.jpg?resize=200%2C200&ssl=1",200,200,true],"cvmm-medium-plus":["https:\/\/i0.wp.com\/www.tvuai.com.br\/portal\/wp-content\/uploads\/2024\/12\/comendasrs0.jpg?resize=200%2C200&ssl=1",200,200,true],"cvmm-portrait":["https:\/\/i0.wp.com\/www.tvuai.com.br\/portal\/wp-content\/uploads\/2024\/12\/comendasrs0.jpg?resize=200%2C200&ssl=1",200,200,true],"cvmm-medium-square":["https:\/\/i0.wp.com\/www.tvuai.com.br\/portal\/wp-content\/uploads\/2024\/12\/comendasrs0.jpg?resize=200%2C200&ssl=1",200,200,true],"cvmm-large":["https:\/\/i0.wp.com\/www.tvuai.com.br\/portal\/wp-content\/uploads\/2024\/12\/comendasrs0.jpg?resize=200%2C200&ssl=1",200,200,true],"cvmm-small":["https:\/\/i0.wp.com\/www.tvuai.com.br\/portal\/wp-content\/uploads\/2024\/12\/comendasrs0.jpg?resize=130%2C95&ssl=1",130,95,true],"full":["https:\/\/i0.wp.com\/www.tvuai.com.br\/portal\/wp-content\/uploads\/2024\/12\/comendasrs0.jpg?fit=200%2C200&ssl=1",200,200,false]},"categories_names":{"1642":{"name":"Ci\u00eancia e Tecnologia","link":"https:\/\/www.tvuai.com.br\/portal\/category\/tecnologia\/"},"20":{"name":"Entretenimento","link":"https:\/\/www.tvuai.com.br\/portal\/category\/entretenimento\/"},"19":{"name":"Not\u00edcias","link":"https:\/\/www.tvuai.com.br\/portal\/category\/noticias\/"},"5":{"name":"\u00daltimas Not\u00edcias","link":"https:\/\/www.tvuai.com.br\/portal\/category\/noticias\/ultimas\/"}},"tags_names":{"4286":{"name":"14\u00aa edi\u00e7\u00e3o da Comenda Sinh\u00e1 Moreira","link":"https:\/\/www.tvuai.com.br\/portal\/tag\/14a-edicao-da-comenda-sinha-moreira\/"},"4297":{"name":"Carla Soares","link":"https:\/\/www.tvuai.com.br\/portal\/tag\/carla-soares\/"},"4336":{"name":"certifica\u00e7\u00e3o de Indica\u00e7\u00e3o de Proced\u00eancia (IP)","link":"https:\/\/www.tvuai.com.br\/portal\/tag\/certificacao-de-indicacao-de-procedencia-ip\/"},"913":{"name":"governo de Minas Gerais","link":"https:\/\/www.tvuai.com.br\/portal\/tag\/governo-de-minas-gerais\/"},"4341":{"name":"Leandro Henrique Mendes","link":"https:\/\/www.tvuai.com.br\/portal\/tag\/leandro-henrique-mendes\/"},"184":{"name":"Minas Gerais","link":"https:\/\/www.tvuai.com.br\/portal\/tag\/minas-gerais\/"},"37":{"name":"Pouso Alegre","link":"https:\/\/www.tvuai.com.br\/portal\/tag\/pouso-alegre\/"},"53":{"name":"Roberto de Souza Pinto","link":"https:\/\/www.tvuai.com.br\/portal\/tag\/roberto-de-souza-pinto\/"},"4338":{"name":"Rodrigo Sampaio Melo","link":"https:\/\/www.tvuai.com.br\/portal\/tag\/rodrigo-sampaio-melo\/"},"61":{"name":"Santa Rita do Sapuca\u00ed","link":"https:\/\/www.tvuai.com.br\/portal\/tag\/santa-rita-do-sapucai\/"},"4340":{"name":"Secretaria de Desenvolvimento Econ\u00f4mico de Minas Gerais","link":"https:\/\/www.tvuai.com.br\/portal\/tag\/secretaria-de-desenvolvimento-economico-de-minas-gerais\/"},"4339":{"name":"Sindicato das Ind\u00fastrias de Aparelhos El\u00e9tricos Eletr\u00f4nicos e Similares (SINDVEL).","link":"https:\/\/www.tvuai.com.br\/portal\/tag\/sindicato-das-industrias-de-aparelhos-eletricos-eletronicos-e-similares-sindvel\/"},"4337":{"name":"subsecret\u00e1rio estadual de Liberdade Econ\u00f4mica","link":"https:\/\/www.tvuai.com.br\/portal\/tag\/subsecretario-estadual-de-liberdade-economica\/"},"39":{"name":"Sul de Minas","link":"https:\/\/www.tvuai.com.br\/portal\/tag\/sul-de-minas\/"},"27":{"name":"TV Uai","link":"https:\/\/www.tvuai.com.br\/portal\/tag\/tv-uai\/"},"2759":{"name":"TV UAI 24 anos","link":"https:\/\/www.tvuai.com.br\/portal\/tag\/tv-uai-24-anos\/"},"1618":{"name":"TV UAI Pouso Alegre","link":"https:\/\/www.tvuai.com.br\/portal\/tag\/tv-uai-pouso-alegre\/"},"1638":{"name":"tvuai","link":"https:\/\/www.tvuai.com.br\/portal\/tag\/tvuai\/"},"48":{"name":"Vale da Eletr\u00f4nica","link":"https:\/\/www.tvuai.com.br\/portal\/tag\/vale-da-eletronica\/"},"178":{"name":"Wander Wilson Chaves","link":"https:\/\/www.tvuai.com.br\/portal\/tag\/wander-wilson-chaves\/"}},"comments_number":"0","jetpack_shortlink":"https:\/\/wp.me\/p9woix-2Ef","jetpack_sharing_enabled":true,"_links":{"self":[{"href":"https:\/\/www.tvuai.com.br\/portal\/wp-json\/wp\/v2\/posts\/10183"}],"collection":[{"href":"https:\/\/www.tvuai.com.br\/portal\/wp-json\/wp\/v2\/posts"}],"about":[{"href":"https:\/\/www.tvuai.com.br\/portal\/wp-json\/wp\/v2\/types\/post"}],"author":[{"embeddable":true,"href":"https:\/\/www.tvuai.com.br\/portal\/wp-json\/wp\/v2\/users\/1"}],"replies":[{"embeddable":true,"href":"https:\/\/www.tvuai.com.br\/portal\/wp-json\/wp\/v2\/comments?post=10183"}],"version-history":[{"count":3,"href":"https:\/\/www.tvuai.com.br\/portal\/wp-json\/wp\/v2\/posts\/10183\/revisions"}],"predecessor-version":[{"id":10194,"href":"https:\/\/www.tvuai.com.br\/portal\/wp-json\/wp\/v2\/posts\/10183\/revisions\/10194"}],"wp:featuredmedia":[{"embeddable":true,"href":"https:\/\/www.tvuai.com.br\/portal\/wp-json\/wp\/v2\/media\/10186"}],"wp:attachment":[{"href":"https:\/\/www.tvuai.com.br\/portal\/wp-json\/wp\/v2\/media?parent=10183"}],"wp:term":[{"taxonomy":"category","embeddable":true,"href":"https:\/\/www.tvuai.com.br\/portal\/wp-json\/wp\/v2\/categories?post=10183"},{"taxonomy":"post_tag","embeddable":true,"href":"https:\/\/www.tvuai.com.br\/portal\/wp-json\/wp\/v2\/tags?post=10183"}],"curies":[{"name":"wp","href":"https:\/\/api.w.org\/{rel}","templated":true}]}}