{"id":10021,"date":"2024-11-15T18:01:08","date_gmt":"2024-11-15T21:01:08","guid":{"rendered":"https:\/\/www.tvuai.com.br\/portal\/?p=10021"},"modified":"2024-11-18T20:14:45","modified_gmt":"2024-11-18T23:14:45","slug":"alunos-da-unitau-levarao-conhecimento-a-estiva-e-sao-jose-do-alegre-pelo-projeto-rondon","status":"publish","type":"post","link":"https:\/\/www.tvuai.com.br\/portal\/alunos-da-unitau-levarao-conhecimento-a-estiva-e-sao-jose-do-alegre-pelo-projeto-rondon\/","title":{"rendered":"Alunos da UNITAU levar\u00e3o conhecimento a Estiva e S\u00e3o Jos\u00e9 do Alegre pelo Projeto Rondon"},"content":{"rendered":"<div class=\"5a1038e0903b96d426fcfcc338703013\" data-index=\"1\" style=\"float: right; margin:10px 0 10px 10px;\">\n<script async src=\"https:\/\/pagead2.googlesyndication.com\/pagead\/js\/adsbygoogle.js?client=ca-pub-9945944833605257\"\r\n     crossorigin=\"anonymous\"><\/script>\r\n<ins class=\"adsbygoogle\"\r\n     style=\"display:block; text-align:center;\"\r\n     data-ad-layout=\"in-article\"\r\n     data-ad-format=\"fluid\"\r\n     data-ad-client=\"ca-pub-9945944833605257\"\r\n     data-ad-slot=\"2343923581\"><\/ins>\r\n<script>\r\n     (adsbygoogle = window.adsbygoogle || []).push({});\r\n<\/script>\n<\/div>\n<h5 style=\"text-align: center;\"><em><strong><img data-recalc-dims=\"1\" fetchpriority=\"high\" decoding=\"async\" data-attachment-id=\"10024\" data-permalink=\"https:\/\/www.tvuai.com.br\/portal\/alunos-da-unitau-levarao-conhecimento-a-estiva-e-sao-jose-do-alegre-pelo-projeto-rondon\/unitau1\/\" data-orig-file=\"https:\/\/i0.wp.com\/www.tvuai.com.br\/portal\/wp-content\/uploads\/2024\/11\/Unitau1.jpg?fit=1500%2C993&amp;ssl=1\" data-orig-size=\"1500,993\" data-comments-opened=\"0\" data-image-meta=\"{&quot;aperture&quot;:&quot;0&quot;,&quot;credit&quot;:&quot;&quot;,&quot;camera&quot;:&quot;&quot;,&quot;caption&quot;:&quot;&quot;,&quot;created_timestamp&quot;:&quot;0&quot;,&quot;copyright&quot;:&quot;&quot;,&quot;focal_length&quot;:&quot;0&quot;,&quot;iso&quot;:&quot;0&quot;,&quot;shutter_speed&quot;:&quot;0&quot;,&quot;title&quot;:&quot;&quot;,&quot;orientation&quot;:&quot;0&quot;}\" data-image-title=\"Unita\u00fa1\" data-image-description=\"\" data-image-caption=\"\" data-medium-file=\"https:\/\/i0.wp.com\/www.tvuai.com.br\/portal\/wp-content\/uploads\/2024\/11\/Unitau1.jpg?fit=300%2C199&amp;ssl=1\" data-large-file=\"https:\/\/i0.wp.com\/www.tvuai.com.br\/portal\/wp-content\/uploads\/2024\/11\/Unitau1.jpg?fit=640%2C424&amp;ssl=1\" tabindex=\"0\" role=\"button\" class=\"size-medium wp-image-10024 aligncenter\" src=\"https:\/\/i0.wp.com\/www.tvuai.com.br\/portal\/wp-content\/uploads\/2024\/11\/Unitau1.jpg?resize=300%2C199&#038;ssl=1\" alt=\"\" width=\"300\" height=\"199\" srcset=\"https:\/\/i0.wp.com\/www.tvuai.com.br\/portal\/wp-content\/uploads\/2024\/11\/Unitau1.jpg?resize=300%2C199&amp;ssl=1 300w, https:\/\/i0.wp.com\/www.tvuai.com.br\/portal\/wp-content\/uploads\/2024\/11\/Unitau1.jpg?resize=1024%2C678&amp;ssl=1 1024w, https:\/\/i0.wp.com\/www.tvuai.com.br\/portal\/wp-content\/uploads\/2024\/11\/Unitau1.jpg?resize=768%2C508&amp;ssl=1 768w, https:\/\/i0.wp.com\/www.tvuai.com.br\/portal\/wp-content\/uploads\/2024\/11\/Unitau1.jpg?w=1500&amp;ssl=1 1500w, https:\/\/i0.wp.com\/www.tvuai.com.br\/portal\/wp-content\/uploads\/2024\/11\/Unitau1.jpg?w=1280&amp;ssl=1 1280w\" sizes=\"(max-width: 300px) 100vw, 300px\" \/>Projeto Rondon 2025: Estiva e S\u00e3o Jos\u00e9 do Alegre receber\u00e3o alunos da UNITAU em a\u00e7\u00e3o de impacto social<\/strong><\/em><\/h5>\n<h3 style=\"text-align: center;\"><strong>Se preferir ou\u00e7a a mat\u00e9ria completa<\/strong><\/h3>\n<!--[if lt IE 9]><script>document.createElement('audio');<\/script><![endif]-->\n<audio class=\"wp-audio-shortcode\" id=\"audio-10021-1\" preload=\"none\" style=\"width: 100%;\" controls=\"controls\"><source type=\"audio\/mpeg\" src=\"https:\/\/www.tvuai.com.br\/portal\/wp-content\/uploads\/2024\/11\/Unitau-audio.mp3?_=1\" \/><a href=\"https:\/\/www.tvuai.com.br\/portal\/wp-content\/uploads\/2024\/11\/Unitau-audio.mp3\">https:\/\/www.tvuai.com.br\/portal\/wp-content\/uploads\/2024\/11\/Unitau-audio.mp3<\/a><\/audio>\n<p>A Universidade de Taubat\u00e9 (UNITAU), refer\u00eancia nacional em extens\u00e3o universit\u00e1ria, foi aprovada para participar de duas opera\u00e7\u00f5es do Projeto Rondon no sul de Minas Gerais, que acontecer\u00e3o no in\u00edcio de 2025. A iniciativa, promovida pelo Minist\u00e9rio da Defesa, busca integrar o conhecimento acad\u00eamico \u00e0s comunidades locais fortalecendo a\u00e7\u00f5es de cidadania e desenvolvimento social.<\/p>\n<p style=\"text-align: center;\"><strong>Colabora\u00e7\u00e3o entre universidades<\/strong><\/p>\n<p><img data-recalc-dims=\"1\" decoding=\"async\" data-attachment-id=\"10025\" data-permalink=\"https:\/\/www.tvuai.com.br\/portal\/alunos-da-unitau-levarao-conhecimento-a-estiva-e-sao-jose-do-alegre-pelo-projeto-rondon\/unitau2\/\" data-orig-file=\"https:\/\/i0.wp.com\/www.tvuai.com.br\/portal\/wp-content\/uploads\/2024\/11\/Unitau2.jpg?fit=1500%2C993&amp;ssl=1\" data-orig-size=\"1500,993\" data-comments-opened=\"0\" data-image-meta=\"{&quot;aperture&quot;:&quot;0&quot;,&quot;credit&quot;:&quot;&quot;,&quot;camera&quot;:&quot;&quot;,&quot;caption&quot;:&quot;&quot;,&quot;created_timestamp&quot;:&quot;0&quot;,&quot;copyright&quot;:&quot;&quot;,&quot;focal_length&quot;:&quot;0&quot;,&quot;iso&quot;:&quot;0&quot;,&quot;shutter_speed&quot;:&quot;0&quot;,&quot;title&quot;:&quot;&quot;,&quot;orientation&quot;:&quot;0&quot;}\" data-image-title=\"Unita\u00fa2\" data-image-description=\"\" data-image-caption=\"\" data-medium-file=\"https:\/\/i0.wp.com\/www.tvuai.com.br\/portal\/wp-content\/uploads\/2024\/11\/Unitau2.jpg?fit=300%2C199&amp;ssl=1\" data-large-file=\"https:\/\/i0.wp.com\/www.tvuai.com.br\/portal\/wp-content\/uploads\/2024\/11\/Unitau2.jpg?fit=640%2C424&amp;ssl=1\" tabindex=\"0\" role=\"button\" class=\"size-medium wp-image-10025 alignright\" src=\"https:\/\/i0.wp.com\/www.tvuai.com.br\/portal\/wp-content\/uploads\/2024\/11\/Unitau2.jpg?resize=300%2C199&#038;ssl=1\" alt=\"\" width=\"300\" height=\"199\" srcset=\"https:\/\/i0.wp.com\/www.tvuai.com.br\/portal\/wp-content\/uploads\/2024\/11\/Unitau2.jpg?resize=300%2C199&amp;ssl=1 300w, https:\/\/i0.wp.com\/www.tvuai.com.br\/portal\/wp-content\/uploads\/2024\/11\/Unitau2.jpg?resize=1024%2C678&amp;ssl=1 1024w, https:\/\/i0.wp.com\/www.tvuai.com.br\/portal\/wp-content\/uploads\/2024\/11\/Unitau2.jpg?resize=768%2C508&amp;ssl=1 768w, https:\/\/i0.wp.com\/www.tvuai.com.br\/portal\/wp-content\/uploads\/2024\/11\/Unitau2.jpg?w=1500&amp;ssl=1 1500w, https:\/\/i0.wp.com\/www.tvuai.com.br\/portal\/wp-content\/uploads\/2024\/11\/Unitau2.jpg?w=1280&amp;ssl=1 1280w\" sizes=\"(max-width: 300px) 100vw, 300px\" \/>Dois grupos formados por alunos da UNITAU est\u00e3o em fase de sele\u00e7\u00e3o para atuar nas cidades mineiras de Estiva e S\u00e3o Jos\u00e9 do Alegre. Em Estiva, a UNITAU trabalhar\u00e1 em parceria com o Centro Universit\u00e1rio Univel, do Paran\u00e1. J\u00e1 em S\u00e3o Jos\u00e9 do Alegre, o apoio ser\u00e1 do Centro Universit\u00e1rio Tiradentes (UNIT), de Pernambuco.<\/p>\n<p>A coordenadora do Projeto Rondon na UNITAU, Profa. Dra. Amanda Paiva, destacou a participa\u00e7\u00e3o in\u00e9dita de alunos de p\u00f3s-gradua\u00e7\u00e3o nas opera\u00e7\u00f5es nacionais. \u201cMestrandos de Taubat\u00e9 e Caragu\u00e1 est\u00e3o entre os inscritos, e isso refor\u00e7a o valor da extens\u00e3o universit\u00e1ria como ferramenta para a forma\u00e7\u00e3o pessoal e profissional\u201d, afirmou. Segundo a professora, alunos de todos os cursos de gradua\u00e7\u00e3o tamb\u00e9m se inscreveram, demonstrando o interesse pela troca de experi\u00eancias com a comunidade.<\/p>\n<p style=\"text-align: center;\"><strong>A tradi\u00e7\u00e3o da UNITAU no Projeto Rondon<\/strong><\/p>\n<p>H\u00e1 d\u00e9cadas, a UNITAU participa ativamente das opera\u00e7\u00f5es do Projeto Rondon, que mobiliza institui\u00e7\u00f5es de ensino superior em atividades voltadas ao bem-estar social e ao interc\u00e2mbio cultural em munic\u00edpios do interior do pa\u00eds. Em 2024, al\u00e9m de atuar nas cidades de Machadinho D\u2019Oeste (RO) e Afr\u00e2nio (PE), a universidade realizou uma edi\u00e7\u00e3o regional do projeto em Lagoinha (SP), levando \u00e0 regi\u00e3o metropolitana do Vale do Para\u00edba toda a expertise adquirida em anos de participa\u00e7\u00e3o nas iniciativas nacionais.<\/p>\n<p>A aprova\u00e7\u00e3o para as opera\u00e7\u00f5es de 2025 consolida a UNITAU como uma das principais institui\u00e7\u00f5es de ensino engajadas em projetos que aliam conhecimento acad\u00eamico \u00e0 promo\u00e7\u00e3o da cidadania em comunidades de todo o Brasil.<\/p>\n\n<div style=\"font-size: 0px; height: 0px; line-height: 0px; margin: 0; padding: 0; clear: both;\"><\/div><div class='share-to-whatsapp-wrapper'><div class='share-on-whsp'>Share on: <\/div><a data-text='Alunos da UNITAU levar\u00e3o conhecimento a Estiva e S\u00e3o Jos\u00e9 do Alegre pelo Projeto Rondon' data-link='https:\/\/www.tvuai.com.br\/portal\/alunos-da-unitau-levarao-conhecimento-a-estiva-e-sao-jose-do-alegre-pelo-projeto-rondon\/' class='whatsapp-button whatsapp-share'>WhatsApp<\/a><div class='clear '><\/div><\/div><!-- AddThis Advanced Settings generic via filter on the_content --><!-- AddThis Share Buttons generic via filter on the_content -->","protected":false},"excerpt":{"rendered":"<p>Projeto Rondon 2025: Estiva e S\u00e3o Jos\u00e9 do Alegre receber\u00e3o alunos da UNITAU em a\u00e7\u00e3o de impacto social Se preferir ou\u00e7a a mat\u00e9ria completa A Universidade de Taubat\u00e9 (UNITAU), refer\u00eancia nacional em extens\u00e3o universit\u00e1ria, foi aprovada para participar de duas opera\u00e7\u00f5es do Projeto Rondon no sul de Minas Gerais, que acontecer\u00e3o no in\u00edcio de 2025. [&hellip;]<!-- AddThis Advanced Settings generic via filter on get_the_excerpt --><!-- AddThis Share Buttons generic via filter on get_the_excerpt --><\/p>\n","protected":false},"author":1,"featured_media":10023,"comment_status":"closed","ping_status":"closed","sticky":false,"template":"","format":"standard","meta":{"jetpack_post_was_ever_published":false,"_jetpack_newsletter_access":"","_jetpack_dont_email_post_to_subs":false,"_jetpack_newsletter_tier_id":0,"_jetpack_memberships_contains_paywalled_content":false,"_jetpack_memberships_contains_paid_content":false,"_joinchat":[],"footnotes":"","jetpack_publicize_message":"","jetpack_publicize_feature_enabled":true,"jetpack_social_post_already_shared":false,"jetpack_social_options":{"image_generator_settings":{"template":"highway","enabled":false},"version":2}},"categories":[1845,19,5,1829],"tags":[641,184,37,4231,4227,4228,39,27,2759,2760,1618,1638,4229,4230],"class_list":["post-10021","post","type-post","status-publish","format-standard","has-post-thumbnail","hentry","category-educacao","category-noticias","category-ultimas","category-utilidade","tag-estiva","tag-minas-gerais","tag-pouso-alegre","tag-profa-dra-amanda-paiva","tag-projeto-rondon-2025","tag-sao-jose-do-alegre","tag-sul-de-minas","tag-tv-uai","tag-tv-uai-24-anos","tag-tv-uai-24-anos-com-voce","tag-tv-uai-pouso-alegre","tag-tvuai","tag-unitau","tag-universidade-de-taubate-unitau"],"jetpack_publicize_connections":[],"yoast_head":"<!-- This site is optimized with the Yoast SEO plugin v23.5 - https:\/\/yoast.com\/wordpress\/plugins\/seo\/ -->\n<title>Alunos da UNITAU levar\u00e3o conhecimento a Estiva e S\u00e3o Jos\u00e9 do Alegre pelo Projeto Rondon - TVUAI<\/title>\n<meta name=\"robots\" content=\"index, follow, max-snippet:-1, max-image-preview:large, max-video-preview:-1\" \/>\n<link rel=\"canonical\" href=\"https:\/\/www.tvuai.com.br\/portal\/alunos-da-unitau-levarao-conhecimento-a-estiva-e-sao-jose-do-alegre-pelo-projeto-rondon\/\" \/>\n<meta property=\"og:locale\" content=\"pt_BR\" \/>\n<meta property=\"og:type\" content=\"article\" \/>\n<meta property=\"og:title\" content=\"Alunos da UNITAU levar\u00e3o conhecimento a Estiva e S\u00e3o Jos\u00e9 do Alegre pelo Projeto Rondon - TVUAI\" \/>\n<meta property=\"og:description\" content=\"Projeto Rondon 2025: Estiva e S\u00e3o Jos\u00e9 do Alegre receber\u00e3o alunos da UNITAU em a\u00e7\u00e3o de impacto social Se preferir ou\u00e7a a mat\u00e9ria completa A Universidade de Taubat\u00e9 (UNITAU), refer\u00eancia nacional em extens\u00e3o universit\u00e1ria, foi aprovada para participar de duas opera\u00e7\u00f5es do Projeto Rondon no sul de Minas Gerais, que acontecer\u00e3o no in\u00edcio de 2025. [&hellip;]\" \/>\n<meta property=\"og:url\" content=\"https:\/\/www.tvuai.com.br\/portal\/alunos-da-unitau-levarao-conhecimento-a-estiva-e-sao-jose-do-alegre-pelo-projeto-rondon\/\" \/>\n<meta property=\"og:site_name\" content=\"TVUAI\" \/>\n<meta property=\"article:publisher\" content=\"http:\/\/www.facebook.com\/pages\/TV-Uai-Comunica%c3%a7%c3%a3o\/139062546157369\" \/>\n<meta property=\"article:published_time\" content=\"2024-11-15T21:01:08+00:00\" \/>\n<meta property=\"article:modified_time\" content=\"2024-11-18T23:14:45+00:00\" \/>\n<meta property=\"og:image\" content=\"https:\/\/www.tvuai.com.br\/portal\/wp-content\/uploads\/2024\/11\/Unitau0.jpg\" \/>\n\t<meta property=\"og:image:width\" content=\"200\" \/>\n\t<meta property=\"og:image:height\" content=\"200\" \/>\n\t<meta property=\"og:image:type\" content=\"image\/jpeg\" \/>\n<meta name=\"author\" content=\"tvuai\" \/>\n<meta name=\"twitter:card\" content=\"summary_large_image\" \/>\n<meta name=\"twitter:creator\" content=\"@tvuai\" \/>\n<meta name=\"twitter:site\" content=\"@tvuai\" \/>\n<meta name=\"twitter:label1\" content=\"Escrito por\" \/>\n\t<meta name=\"twitter:data1\" content=\"tvuai\" \/>\n\t<meta name=\"twitter:label2\" content=\"Est. tempo de leitura\" \/>\n\t<meta name=\"twitter:data2\" content=\"3 minutos\" \/>\n<script type=\"application\/ld+json\" class=\"yoast-schema-graph\">{\"@context\":\"https:\/\/schema.org\",\"@graph\":[{\"@type\":\"Article\",\"@id\":\"https:\/\/www.tvuai.com.br\/portal\/alunos-da-unitau-levarao-conhecimento-a-estiva-e-sao-jose-do-alegre-pelo-projeto-rondon\/#article\",\"isPartOf\":{\"@id\":\"https:\/\/www.tvuai.com.br\/portal\/alunos-da-unitau-levarao-conhecimento-a-estiva-e-sao-jose-do-alegre-pelo-projeto-rondon\/\"},\"author\":{\"name\":\"tvuai\",\"@id\":\"https:\/\/www.tvuai.com.br\/portal\/#\/schema\/person\/245e50e9127451fd0b7fd76f519ebbfe\"},\"headline\":\"Alunos da UNITAU levar\u00e3o conhecimento a Estiva e S\u00e3o Jos\u00e9 do Alegre pelo Projeto Rondon\",\"datePublished\":\"2024-11-15T21:01:08+00:00\",\"dateModified\":\"2024-11-18T23:14:45+00:00\",\"mainEntityOfPage\":{\"@id\":\"https:\/\/www.tvuai.com.br\/portal\/alunos-da-unitau-levarao-conhecimento-a-estiva-e-sao-jose-do-alegre-pelo-projeto-rondon\/\"},\"wordCount\":400,\"publisher\":{\"@id\":\"https:\/\/www.tvuai.com.br\/portal\/#organization\"},\"image\":{\"@id\":\"https:\/\/www.tvuai.com.br\/portal\/alunos-da-unitau-levarao-conhecimento-a-estiva-e-sao-jose-do-alegre-pelo-projeto-rondon\/#primaryimage\"},\"thumbnailUrl\":\"https:\/\/i0.wp.com\/www.tvuai.com.br\/portal\/wp-content\/uploads\/2024\/11\/Unitau0.jpg?fit=200%2C200&ssl=1\",\"keywords\":[\"Estiva\",\"Minas Gerais\",\"Pouso Alegre\",\"Profa. Dra. Amanda Paiva\",\"Projeto Rondon 2025\",\"S\u00e3o Jos\u00e9 do Alegre\",\"Sul de Minas\",\"TV Uai\",\"TV UAI 24 anos\",\"TV UAI 24 anos com voc\u00ea\",\"TV UAI Pouso Alegre\",\"tvuai\",\"UNITAU\",\"Universidade de Taubat\u00e9 (UNITAU)\"],\"articleSection\":[\"Educa\u00e7\u00e3o\",\"Not\u00edcias\",\"\u00daltimas Not\u00edcias\",\"Utilidade Publica\"],\"inLanguage\":\"pt-BR\"},{\"@type\":\"WebPage\",\"@id\":\"https:\/\/www.tvuai.com.br\/portal\/alunos-da-unitau-levarao-conhecimento-a-estiva-e-sao-jose-do-alegre-pelo-projeto-rondon\/\",\"url\":\"https:\/\/www.tvuai.com.br\/portal\/alunos-da-unitau-levarao-conhecimento-a-estiva-e-sao-jose-do-alegre-pelo-projeto-rondon\/\",\"name\":\"Alunos da UNITAU levar\u00e3o conhecimento a Estiva e S\u00e3o Jos\u00e9 do Alegre pelo Projeto Rondon - TVUAI\",\"isPartOf\":{\"@id\":\"https:\/\/www.tvuai.com.br\/portal\/#website\"},\"primaryImageOfPage\":{\"@id\":\"https:\/\/www.tvuai.com.br\/portal\/alunos-da-unitau-levarao-conhecimento-a-estiva-e-sao-jose-do-alegre-pelo-projeto-rondon\/#primaryimage\"},\"image\":{\"@id\":\"https:\/\/www.tvuai.com.br\/portal\/alunos-da-unitau-levarao-conhecimento-a-estiva-e-sao-jose-do-alegre-pelo-projeto-rondon\/#primaryimage\"},\"thumbnailUrl\":\"https:\/\/i0.wp.com\/www.tvuai.com.br\/portal\/wp-content\/uploads\/2024\/11\/Unitau0.jpg?fit=200%2C200&ssl=1\",\"datePublished\":\"2024-11-15T21:01:08+00:00\",\"dateModified\":\"2024-11-18T23:14:45+00:00\",\"breadcrumb\":{\"@id\":\"https:\/\/www.tvuai.com.br\/portal\/alunos-da-unitau-levarao-conhecimento-a-estiva-e-sao-jose-do-alegre-pelo-projeto-rondon\/#breadcrumb\"},\"inLanguage\":\"pt-BR\",\"potentialAction\":[{\"@type\":\"ReadAction\",\"target\":[\"https:\/\/www.tvuai.com.br\/portal\/alunos-da-unitau-levarao-conhecimento-a-estiva-e-sao-jose-do-alegre-pelo-projeto-rondon\/\"]}]},{\"@type\":\"ImageObject\",\"inLanguage\":\"pt-BR\",\"@id\":\"https:\/\/www.tvuai.com.br\/portal\/alunos-da-unitau-levarao-conhecimento-a-estiva-e-sao-jose-do-alegre-pelo-projeto-rondon\/#primaryimage\",\"url\":\"https:\/\/i0.wp.com\/www.tvuai.com.br\/portal\/wp-content\/uploads\/2024\/11\/Unitau0.jpg?fit=200%2C200&ssl=1\",\"contentUrl\":\"https:\/\/i0.wp.com\/www.tvuai.com.br\/portal\/wp-content\/uploads\/2024\/11\/Unitau0.jpg?fit=200%2C200&ssl=1\",\"width\":200,\"height\":200},{\"@type\":\"BreadcrumbList\",\"@id\":\"https:\/\/www.tvuai.com.br\/portal\/alunos-da-unitau-levarao-conhecimento-a-estiva-e-sao-jose-do-alegre-pelo-projeto-rondon\/#breadcrumb\",\"itemListElement\":[{\"@type\":\"ListItem\",\"position\":1,\"name\":\"In\u00edcio\",\"item\":\"https:\/\/www.tvuai.com.br\/portal\/\"},{\"@type\":\"ListItem\",\"position\":2,\"name\":\"Alunos da UNITAU levar\u00e3o conhecimento a Estiva e S\u00e3o Jos\u00e9 do Alegre pelo Projeto Rondon\"}]},{\"@type\":\"WebSite\",\"@id\":\"https:\/\/www.tvuai.com.br\/portal\/#website\",\"url\":\"https:\/\/www.tvuai.com.br\/portal\/\",\"name\":\"TVUAI\",\"description\":\"Tudo sobre o Sul de Minas\",\"publisher\":{\"@id\":\"https:\/\/www.tvuai.com.br\/portal\/#organization\"},\"potentialAction\":[{\"@type\":\"SearchAction\",\"target\":{\"@type\":\"EntryPoint\",\"urlTemplate\":\"https:\/\/www.tvuai.com.br\/portal\/?s={search_term_string}\"},\"query-input\":{\"@type\":\"PropertyValueSpecification\",\"valueRequired\":true,\"valueName\":\"search_term_string\"}}],\"inLanguage\":\"pt-BR\"},{\"@type\":\"Organization\",\"@id\":\"https:\/\/www.tvuai.com.br\/portal\/#organization\",\"name\":\"TVUAI\",\"url\":\"https:\/\/www.tvuai.com.br\/portal\/\",\"logo\":{\"@type\":\"ImageObject\",\"inLanguage\":\"pt-BR\",\"@id\":\"https:\/\/www.tvuai.com.br\/portal\/#\/schema\/logo\/image\/\",\"url\":\"https:\/\/i0.wp.com\/www.tvuai.com.br\/portal\/wp-content\/uploads\/2017\/12\/logo_tvuai_100H.png?fit=207%2C100&ssl=1\",\"contentUrl\":\"https:\/\/i0.wp.com\/www.tvuai.com.br\/portal\/wp-content\/uploads\/2017\/12\/logo_tvuai_100H.png?fit=207%2C100&ssl=1\",\"width\":207,\"height\":100,\"caption\":\"TVUAI\"},\"image\":{\"@id\":\"https:\/\/www.tvuai.com.br\/portal\/#\/schema\/logo\/image\/\"},\"sameAs\":[\"http:\/\/www.facebook.com\/pages\/TV-Uai-Comunica\u00e7\u00e3o\/139062546157369\",\"https:\/\/x.com\/tvuai\",\"https:\/\/www.instagram.com\/tvuai_network\/\",\"https:\/\/www.youtube.com\/channel\/UCB7ZPB3wRv-OpoZ_09jmnkQ\"]},{\"@type\":\"Person\",\"@id\":\"https:\/\/www.tvuai.com.br\/portal\/#\/schema\/person\/245e50e9127451fd0b7fd76f519ebbfe\",\"name\":\"tvuai\",\"url\":\"https:\/\/www.tvuai.com.br\/portal\/author\/tvuai\/\"}]}<\/script>\n<!-- \/ Yoast SEO plugin. -->","yoast_head_json":{"title":"Alunos da UNITAU levar\u00e3o conhecimento a Estiva e S\u00e3o Jos\u00e9 do Alegre pelo Projeto Rondon - TVUAI","robots":{"index":"index","follow":"follow","max-snippet":"max-snippet:-1","max-image-preview":"max-image-preview:large","max-video-preview":"max-video-preview:-1"},"canonical":"https:\/\/www.tvuai.com.br\/portal\/alunos-da-unitau-levarao-conhecimento-a-estiva-e-sao-jose-do-alegre-pelo-projeto-rondon\/","og_locale":"pt_BR","og_type":"article","og_title":"Alunos da UNITAU levar\u00e3o conhecimento a Estiva e S\u00e3o Jos\u00e9 do Alegre pelo Projeto Rondon - TVUAI","og_description":"Projeto Rondon 2025: Estiva e S\u00e3o Jos\u00e9 do Alegre receber\u00e3o alunos da UNITAU em a\u00e7\u00e3o de impacto social Se preferir ou\u00e7a a mat\u00e9ria completa A Universidade de Taubat\u00e9 (UNITAU), refer\u00eancia nacional em extens\u00e3o universit\u00e1ria, foi aprovada para participar de duas opera\u00e7\u00f5es do Projeto Rondon no sul de Minas Gerais, que acontecer\u00e3o no in\u00edcio de 2025. [&hellip;]","og_url":"https:\/\/www.tvuai.com.br\/portal\/alunos-da-unitau-levarao-conhecimento-a-estiva-e-sao-jose-do-alegre-pelo-projeto-rondon\/","og_site_name":"TVUAI","article_publisher":"http:\/\/www.facebook.com\/pages\/TV-Uai-Comunica%c3%a7%c3%a3o\/139062546157369","article_published_time":"2024-11-15T21:01:08+00:00","article_modified_time":"2024-11-18T23:14:45+00:00","og_image":[{"width":200,"height":200,"url":"https:\/\/www.tvuai.com.br\/portal\/wp-content\/uploads\/2024\/11\/Unitau0.jpg","type":"image\/jpeg"}],"author":"tvuai","twitter_card":"summary_large_image","twitter_creator":"@tvuai","twitter_site":"@tvuai","twitter_misc":{"Escrito por":"tvuai","Est. tempo de leitura":"3 minutos"},"schema":{"@context":"https:\/\/schema.org","@graph":[{"@type":"Article","@id":"https:\/\/www.tvuai.com.br\/portal\/alunos-da-unitau-levarao-conhecimento-a-estiva-e-sao-jose-do-alegre-pelo-projeto-rondon\/#article","isPartOf":{"@id":"https:\/\/www.tvuai.com.br\/portal\/alunos-da-unitau-levarao-conhecimento-a-estiva-e-sao-jose-do-alegre-pelo-projeto-rondon\/"},"author":{"name":"tvuai","@id":"https:\/\/www.tvuai.com.br\/portal\/#\/schema\/person\/245e50e9127451fd0b7fd76f519ebbfe"},"headline":"Alunos da UNITAU levar\u00e3o conhecimento a Estiva e S\u00e3o Jos\u00e9 do Alegre pelo Projeto Rondon","datePublished":"2024-11-15T21:01:08+00:00","dateModified":"2024-11-18T23:14:45+00:00","mainEntityOfPage":{"@id":"https:\/\/www.tvuai.com.br\/portal\/alunos-da-unitau-levarao-conhecimento-a-estiva-e-sao-jose-do-alegre-pelo-projeto-rondon\/"},"wordCount":400,"publisher":{"@id":"https:\/\/www.tvuai.com.br\/portal\/#organization"},"image":{"@id":"https:\/\/www.tvuai.com.br\/portal\/alunos-da-unitau-levarao-conhecimento-a-estiva-e-sao-jose-do-alegre-pelo-projeto-rondon\/#primaryimage"},"thumbnailUrl":"https:\/\/i0.wp.com\/www.tvuai.com.br\/portal\/wp-content\/uploads\/2024\/11\/Unitau0.jpg?fit=200%2C200&ssl=1","keywords":["Estiva","Minas Gerais","Pouso Alegre","Profa. Dra. Amanda Paiva","Projeto Rondon 2025","S\u00e3o Jos\u00e9 do Alegre","Sul de Minas","TV Uai","TV UAI 24 anos","TV UAI 24 anos com voc\u00ea","TV UAI Pouso Alegre","tvuai","UNITAU","Universidade de Taubat\u00e9 (UNITAU)"],"articleSection":["Educa\u00e7\u00e3o","Not\u00edcias","\u00daltimas Not\u00edcias","Utilidade Publica"],"inLanguage":"pt-BR"},{"@type":"WebPage","@id":"https:\/\/www.tvuai.com.br\/portal\/alunos-da-unitau-levarao-conhecimento-a-estiva-e-sao-jose-do-alegre-pelo-projeto-rondon\/","url":"https:\/\/www.tvuai.com.br\/portal\/alunos-da-unitau-levarao-conhecimento-a-estiva-e-sao-jose-do-alegre-pelo-projeto-rondon\/","name":"Alunos da UNITAU levar\u00e3o conhecimento a Estiva e S\u00e3o Jos\u00e9 do Alegre pelo Projeto Rondon - TVUAI","isPartOf":{"@id":"https:\/\/www.tvuai.com.br\/portal\/#website"},"primaryImageOfPage":{"@id":"https:\/\/www.tvuai.com.br\/portal\/alunos-da-unitau-levarao-conhecimento-a-estiva-e-sao-jose-do-alegre-pelo-projeto-rondon\/#primaryimage"},"image":{"@id":"https:\/\/www.tvuai.com.br\/portal\/alunos-da-unitau-levarao-conhecimento-a-estiva-e-sao-jose-do-alegre-pelo-projeto-rondon\/#primaryimage"},"thumbnailUrl":"https:\/\/i0.wp.com\/www.tvuai.com.br\/portal\/wp-content\/uploads\/2024\/11\/Unitau0.jpg?fit=200%2C200&ssl=1","datePublished":"2024-11-15T21:01:08+00:00","dateModified":"2024-11-18T23:14:45+00:00","breadcrumb":{"@id":"https:\/\/www.tvuai.com.br\/portal\/alunos-da-unitau-levarao-conhecimento-a-estiva-e-sao-jose-do-alegre-pelo-projeto-rondon\/#breadcrumb"},"inLanguage":"pt-BR","potentialAction":[{"@type":"ReadAction","target":["https:\/\/www.tvuai.com.br\/portal\/alunos-da-unitau-levarao-conhecimento-a-estiva-e-sao-jose-do-alegre-pelo-projeto-rondon\/"]}]},{"@type":"ImageObject","inLanguage":"pt-BR","@id":"https:\/\/www.tvuai.com.br\/portal\/alunos-da-unitau-levarao-conhecimento-a-estiva-e-sao-jose-do-alegre-pelo-projeto-rondon\/#primaryimage","url":"https:\/\/i0.wp.com\/www.tvuai.com.br\/portal\/wp-content\/uploads\/2024\/11\/Unitau0.jpg?fit=200%2C200&ssl=1","contentUrl":"https:\/\/i0.wp.com\/www.tvuai.com.br\/portal\/wp-content\/uploads\/2024\/11\/Unitau0.jpg?fit=200%2C200&ssl=1","width":200,"height":200},{"@type":"BreadcrumbList","@id":"https:\/\/www.tvuai.com.br\/portal\/alunos-da-unitau-levarao-conhecimento-a-estiva-e-sao-jose-do-alegre-pelo-projeto-rondon\/#breadcrumb","itemListElement":[{"@type":"ListItem","position":1,"name":"In\u00edcio","item":"https:\/\/www.tvuai.com.br\/portal\/"},{"@type":"ListItem","position":2,"name":"Alunos da UNITAU levar\u00e3o conhecimento a Estiva e S\u00e3o Jos\u00e9 do Alegre pelo Projeto Rondon"}]},{"@type":"WebSite","@id":"https:\/\/www.tvuai.com.br\/portal\/#website","url":"https:\/\/www.tvuai.com.br\/portal\/","name":"TVUAI","description":"Tudo sobre o Sul de Minas","publisher":{"@id":"https:\/\/www.tvuai.com.br\/portal\/#organization"},"potentialAction":[{"@type":"SearchAction","target":{"@type":"EntryPoint","urlTemplate":"https:\/\/www.tvuai.com.br\/portal\/?s={search_term_string}"},"query-input":{"@type":"PropertyValueSpecification","valueRequired":true,"valueName":"search_term_string"}}],"inLanguage":"pt-BR"},{"@type":"Organization","@id":"https:\/\/www.tvuai.com.br\/portal\/#organization","name":"TVUAI","url":"https:\/\/www.tvuai.com.br\/portal\/","logo":{"@type":"ImageObject","inLanguage":"pt-BR","@id":"https:\/\/www.tvuai.com.br\/portal\/#\/schema\/logo\/image\/","url":"https:\/\/i0.wp.com\/www.tvuai.com.br\/portal\/wp-content\/uploads\/2017\/12\/logo_tvuai_100H.png?fit=207%2C100&ssl=1","contentUrl":"https:\/\/i0.wp.com\/www.tvuai.com.br\/portal\/wp-content\/uploads\/2017\/12\/logo_tvuai_100H.png?fit=207%2C100&ssl=1","width":207,"height":100,"caption":"TVUAI"},"image":{"@id":"https:\/\/www.tvuai.com.br\/portal\/#\/schema\/logo\/image\/"},"sameAs":["http:\/\/www.facebook.com\/pages\/TV-Uai-Comunica\u00e7\u00e3o\/139062546157369","https:\/\/x.com\/tvuai","https:\/\/www.instagram.com\/tvuai_network\/","https:\/\/www.youtube.com\/channel\/UCB7ZPB3wRv-OpoZ_09jmnkQ"]},{"@type":"Person","@id":"https:\/\/www.tvuai.com.br\/portal\/#\/schema\/person\/245e50e9127451fd0b7fd76f519ebbfe","name":"tvuai","url":"https:\/\/www.tvuai.com.br\/portal\/author\/tvuai\/"}]}},"jetpack_featured_media_url":"https:\/\/i0.wp.com\/www.tvuai.com.br\/portal\/wp-content\/uploads\/2024\/11\/Unitau0.jpg?fit=200%2C200&ssl=1","wpmagazine_modules_lite_featured_media_urls":{"thumbnail":["https:\/\/i0.wp.com\/www.tvuai.com.br\/portal\/wp-content\/uploads\/2024\/11\/Unitau0.jpg?resize=150%2C150&ssl=1",150,150,true],"cvmm-medium":["https:\/\/i0.wp.com\/www.tvuai.com.br\/portal\/wp-content\/uploads\/2024\/11\/Unitau0.jpg?resize=200%2C200&ssl=1",200,200,true],"cvmm-medium-plus":["https:\/\/i0.wp.com\/www.tvuai.com.br\/portal\/wp-content\/uploads\/2024\/11\/Unitau0.jpg?resize=200%2C200&ssl=1",200,200,true],"cvmm-portrait":["https:\/\/i0.wp.com\/www.tvuai.com.br\/portal\/wp-content\/uploads\/2024\/11\/Unitau0.jpg?resize=200%2C200&ssl=1",200,200,true],"cvmm-medium-square":["https:\/\/i0.wp.com\/www.tvuai.com.br\/portal\/wp-content\/uploads\/2024\/11\/Unitau0.jpg?resize=200%2C200&ssl=1",200,200,true],"cvmm-large":["https:\/\/i0.wp.com\/www.tvuai.com.br\/portal\/wp-content\/uploads\/2024\/11\/Unitau0.jpg?resize=200%2C200&ssl=1",200,200,true],"cvmm-small":["https:\/\/i0.wp.com\/www.tvuai.com.br\/portal\/wp-content\/uploads\/2024\/11\/Unitau0.jpg?resize=130%2C95&ssl=1",130,95,true],"full":["https:\/\/i0.wp.com\/www.tvuai.com.br\/portal\/wp-content\/uploads\/2024\/11\/Unitau0.jpg?fit=200%2C200&ssl=1",200,200,false]},"categories_names":{"1845":{"name":"Educa\u00e7\u00e3o","link":"https:\/\/www.tvuai.com.br\/portal\/category\/educacao\/"},"19":{"name":"Not\u00edcias","link":"https:\/\/www.tvuai.com.br\/portal\/category\/noticias\/"},"5":{"name":"\u00daltimas Not\u00edcias","link":"https:\/\/www.tvuai.com.br\/portal\/category\/noticias\/ultimas\/"},"1829":{"name":"Utilidade Publica","link":"https:\/\/www.tvuai.com.br\/portal\/category\/utilidade\/"}},"tags_names":{"641":{"name":"Estiva","link":"https:\/\/www.tvuai.com.br\/portal\/tag\/estiva\/"},"184":{"name":"Minas Gerais","link":"https:\/\/www.tvuai.com.br\/portal\/tag\/minas-gerais\/"},"37":{"name":"Pouso Alegre","link":"https:\/\/www.tvuai.com.br\/portal\/tag\/pouso-alegre\/"},"4231":{"name":"Profa. Dra. Amanda Paiva","link":"https:\/\/www.tvuai.com.br\/portal\/tag\/profa-dra-amanda-paiva\/"},"4227":{"name":"Projeto Rondon 2025","link":"https:\/\/www.tvuai.com.br\/portal\/tag\/projeto-rondon-2025\/"},"4228":{"name":"S\u00e3o Jos\u00e9 do Alegre","link":"https:\/\/www.tvuai.com.br\/portal\/tag\/sao-jose-do-alegre\/"},"39":{"name":"Sul de Minas","link":"https:\/\/www.tvuai.com.br\/portal\/tag\/sul-de-minas\/"},"27":{"name":"TV Uai","link":"https:\/\/www.tvuai.com.br\/portal\/tag\/tv-uai\/"},"2759":{"name":"TV UAI 24 anos","link":"https:\/\/www.tvuai.com.br\/portal\/tag\/tv-uai-24-anos\/"},"2760":{"name":"TV UAI 24 anos com voc\u00ea","link":"https:\/\/www.tvuai.com.br\/portal\/tag\/tv-uai-24-anos-com-voce\/"},"1618":{"name":"TV UAI Pouso Alegre","link":"https:\/\/www.tvuai.com.br\/portal\/tag\/tv-uai-pouso-alegre\/"},"1638":{"name":"tvuai","link":"https:\/\/www.tvuai.com.br\/portal\/tag\/tvuai\/"},"4229":{"name":"UNITAU","link":"https:\/\/www.tvuai.com.br\/portal\/tag\/unitau\/"},"4230":{"name":"Universidade de Taubat\u00e9 (UNITAU)","link":"https:\/\/www.tvuai.com.br\/portal\/tag\/universidade-de-taubate-unitau\/"}},"comments_number":"0","jetpack_shortlink":"https:\/\/wp.me\/p9woix-2BD","jetpack_sharing_enabled":true,"_links":{"self":[{"href":"https:\/\/www.tvuai.com.br\/portal\/wp-json\/wp\/v2\/posts\/10021"}],"collection":[{"href":"https:\/\/www.tvuai.com.br\/portal\/wp-json\/wp\/v2\/posts"}],"about":[{"href":"https:\/\/www.tvuai.com.br\/portal\/wp-json\/wp\/v2\/types\/post"}],"author":[{"embeddable":true,"href":"https:\/\/www.tvuai.com.br\/portal\/wp-json\/wp\/v2\/users\/1"}],"replies":[{"embeddable":true,"href":"https:\/\/www.tvuai.com.br\/portal\/wp-json\/wp\/v2\/comments?post=10021"}],"version-history":[{"count":3,"href":"https:\/\/www.tvuai.com.br\/portal\/wp-json\/wp\/v2\/posts\/10021\/revisions"}],"predecessor-version":[{"id":10049,"href":"https:\/\/www.tvuai.com.br\/portal\/wp-json\/wp\/v2\/posts\/10021\/revisions\/10049"}],"wp:featuredmedia":[{"embeddable":true,"href":"https:\/\/www.tvuai.com.br\/portal\/wp-json\/wp\/v2\/media\/10023"}],"wp:attachment":[{"href":"https:\/\/www.tvuai.com.br\/portal\/wp-json\/wp\/v2\/media?parent=10021"}],"wp:term":[{"taxonomy":"category","embeddable":true,"href":"https:\/\/www.tvuai.com.br\/portal\/wp-json\/wp\/v2\/categories?post=10021"},{"taxonomy":"post_tag","embeddable":true,"href":"https:\/\/www.tvuai.com.br\/portal\/wp-json\/wp\/v2\/tags?post=10021"}],"curies":[{"name":"wp","href":"https:\/\/api.w.org\/{rel}","templated":true}]}}